{"id":47432,"date":"2019-07-20T14:50:00","date_gmt":"2019-07-20T18:50:00","guid":{"rendered":"https:\/\/linitiative.ca\/International\/absence-des-personnalites-proposees-par-le-fcpc-sofiane-djilali-sexplique\/"},"modified":"2019-07-20T14:50:00","modified_gmt":"2019-07-20T18:50:00","slug":"absence-des-personnalites-proposees-par-le-fcpc-sofiane-djilali-sexplique","status":"publish","type":"post","link":"https:\/\/linitiative.ca\/International\/absence-des-personnalites-proposees-par-le-fcpc-sofiane-djilali-sexplique\/","title":{"rendered":"ABSENCE DES PERSONNALITES PROPOSEES PAR LE FCPC : Sofiane Djilali s\u2019explique"},"content":{"rendered":"<p><br id=\"sep_para_1\" class=\"sep_para access\"\/><\/p>\n<div id=\"para_1\" class=\"para_32228798 resize\">\n<div class=\"texte access firstletter\">Au sujet des voix qui se sont \u00e9tonn\u00e9es de l\u2019absence de Jil Jadid en tant que membre du groupe des 13 personnalit\u00e9s nationales propos\u00e9es par le Forum civil pour le changement (FCPC) pour mener la m\u00e9diation et le dialogue, Sofiane Djilali r\u00e9agit \u00ab Jil Jadid est un nouveau parti qui pose clairement et en toute transparence le probl\u00e8me de la modernit\u00e9. Il est vrai que nous avons particip\u00e9 \u00e0 une r\u00e9union pr\u00e9paratoire de l\u2019alternative d\u00e9mocratique r\u00e9unissant les partis class\u00e9s comme partis porteurs de valeurs d\u00e9mocratiques, mais dans la mesure o\u00f9 il n\u2019existe aucune diff\u00e9rence id\u00e9ologique notable entre nous et les membres alternatifs, nos positions politiques divergent \u00bb. En ce qui concerne les points de divergences il ajoute : \u00ab Les partis d\u00e9mocratiques pr\u00f4nent l\u2019id\u00e9e d\u2019une longue transition attach\u00e9e \u00e0 une assembl\u00e9e constituante, mais nous, la nouvelle g\u00e9n\u00e9ration, croyons que sans pr\u00e9sident l\u00e9gitime, cette approche [de l\u2019assembl\u00e9e constituante] serait une aventure \u00bb.<\/div>\n<\/div>\n<p>Auteur: Ismain<br \/>\n<a href=\"https:\/\/www.reflexiondz.net\/ABSENCE-DES-PERSONNALITES-PROPOSEES-PAR-LE-FCPC-Sofiane-Djilali-s-explique_a56695.html\">Cliquez ici pour lire l&rsquo;article depuis sa source.<\/a><\/p>\n","protected":false},"excerpt":{"rendered":"<p>Au sujet des voix qui se sont \u00e9tonn\u00e9es de l\u2019absence de Jil Jadid en tant que membre du groupe des 13 personnalit\u00e9s nationales propos\u00e9es par le Forum civil pour le changement (FCPC) pour mener la m\u00e9diation et le dialogue, Sofiane Djilali r\u00e9agit \u00ab Jil Jadid est un nouveau parti qui pose clairement et en toute [&hellip;]<\/p>\n","protected":false},"author":1740,"featured_media":0,"comment_status":"closed","ping_status":"closed","sticky":false,"template":"","format":"standard","meta":{"fifu_image_url":"","fifu_image_alt":"","footnotes":""},"categories":[53,76],"tags":[],"class_list":["post-47432","post","type-post","status-publish","format-standard","hentry","category-algerie","category-regions"],"_links":{"self":[{"href":"https:\/\/linitiative.ca\/International\/wp-json\/wp\/v2\/posts\/47432","targetHints":{"allow":["GET"]}}],"collection":[{"href":"https:\/\/linitiative.ca\/International\/wp-json\/wp\/v2\/posts"}],"about":[{"href":"https:\/\/linitiative.ca\/International\/wp-json\/wp\/v2\/types\/post"}],"author":[{"embeddable":true,"href":"https:\/\/linitiative.ca\/International\/wp-json\/wp\/v2\/users\/1740"}],"replies":[{"embeddable":true,"href":"https:\/\/linitiative.ca\/International\/wp-json\/wp\/v2\/comments?post=47432"}],"version-history":[{"count":0,"href":"https:\/\/linitiative.ca\/International\/wp-json\/wp\/v2\/posts\/47432\/revisions"}],"wp:attachment":[{"href":"https:\/\/linitiative.ca\/International\/wp-json\/wp\/v2\/media?parent=47432"}],"wp:term":[{"taxonomy":"category","embeddable":true,"href":"https:\/\/linitiative.ca\/International\/wp-json\/wp\/v2\/categories?post=47432"},{"taxonomy":"post_tag","embeddable":true,"href":"https:\/\/linitiative.ca\/International\/wp-json\/wp\/v2\/tags?post=47432"}],"curies":[{"name":"wp","href":"https:\/\/api.w.org\/{rel}","templated":true}]}}