{"id":47434,"date":"2019-07-20T14:52:00","date_gmt":"2019-07-20T18:52:00","guid":{"rendered":"https:\/\/linitiative.ca\/International\/belmadi-surprend-les-egyptiens\/"},"modified":"2019-07-20T14:52:00","modified_gmt":"2019-07-20T18:52:00","slug":"belmadi-surprend-les-egyptiens","status":"publish","type":"post","link":"https:\/\/linitiative.ca\/International\/belmadi-surprend-les-egyptiens\/","title":{"rendered":"Belmadi surprend les Egyptiens"},"content":{"rendered":"<p><br id=\"sep_para_1\" class=\"sep_para access\"\/><\/p>\n<div id=\"para_1\" class=\"para_32228809 resize\">\n<div class=\"texte access firstletter\">Djamel Belmadi a corrig\u00e9 un journaliste \u00e9gyptien ayant affirm\u00e9 que les supporters \u00e9gyptiens ont \u00e9t\u00e9 tous unis derri\u00e8re les Fennecs, tous \u00ab supporteurs \u00bbde l\u2019Alg\u00e9rie lors du tournoi de la CAN 2019 au Caire. Interrog\u00e9 par un journaliste \u00e9gyptien sur ses derni\u00e8res d\u00e9clarations li\u00e9es au soutien des supporters \u00e9gyptiens, Djamel Belmadi a recadr\u00e9 les choses avec ironie, \u00bb\u00a0 je devrais\u00a0 voir un opticien d\u00e8s que je rentre en France, parce je n\u2019ai pas vu et je n\u2019ai pas entendu trop \u00e7a \u00bb! a r\u00e9pliqu\u00e9 le s\u00e9lectionneur de l\u2019Alg\u00e9rie, Djamel Belmadi. Cette d\u00e9claration a fait le tour dans les r\u00e9seaux sociaux et dans les m\u00e9dias \u00e9gyptiens et a provoqu\u00e9 une grosse col\u00e8re chez les supporters \u00e9gyptiens.<\/div>\n<\/div>\n<p>Auteur: R\u00e9flexion<br \/>\n<a href=\"https:\/\/www.reflexiondz.net\/Belmadi-surprend-les-Egyptiens_a56699.html\">Cliquez ici pour lire l&rsquo;article depuis sa source.<\/a><\/p>\n","protected":false},"excerpt":{"rendered":"<p>Djamel Belmadi a corrig\u00e9 un journaliste \u00e9gyptien ayant affirm\u00e9 que les supporters \u00e9gyptiens ont \u00e9t\u00e9 tous unis derri\u00e8re les Fennecs, tous \u00ab supporteurs \u00bbde l\u2019Alg\u00e9rie lors du tournoi de la CAN 2019 au Caire. Interrog\u00e9 par un journaliste \u00e9gyptien sur ses derni\u00e8res d\u00e9clarations li\u00e9es au soutien des supporters \u00e9gyptiens, Djamel Belmadi a recadr\u00e9 les choses [&hellip;]<\/p>\n","protected":false},"author":1740,"featured_media":0,"comment_status":"closed","ping_status":"closed","sticky":false,"template":"","format":"standard","meta":{"fifu_image_url":"","fifu_image_alt":"","footnotes":""},"categories":[53,76],"tags":[],"class_list":["post-47434","post","type-post","status-publish","format-standard","hentry","category-algerie","category-regions"],"_links":{"self":[{"href":"https:\/\/linitiative.ca\/International\/wp-json\/wp\/v2\/posts\/47434","targetHints":{"allow":["GET"]}}],"collection":[{"href":"https:\/\/linitiative.ca\/International\/wp-json\/wp\/v2\/posts"}],"about":[{"href":"https:\/\/linitiative.ca\/International\/wp-json\/wp\/v2\/types\/post"}],"author":[{"embeddable":true,"href":"https:\/\/linitiative.ca\/International\/wp-json\/wp\/v2\/users\/1740"}],"replies":[{"embeddable":true,"href":"https:\/\/linitiative.ca\/International\/wp-json\/wp\/v2\/comments?post=47434"}],"version-history":[{"count":0,"href":"https:\/\/linitiative.ca\/International\/wp-json\/wp\/v2\/posts\/47434\/revisions"}],"wp:attachment":[{"href":"https:\/\/linitiative.ca\/International\/wp-json\/wp\/v2\/media?parent=47434"}],"wp:term":[{"taxonomy":"category","embeddable":true,"href":"https:\/\/linitiative.ca\/International\/wp-json\/wp\/v2\/categories?post=47434"},{"taxonomy":"post_tag","embeddable":true,"href":"https:\/\/linitiative.ca\/International\/wp-json\/wp\/v2\/tags?post=47434"}],"curies":[{"name":"wp","href":"https:\/\/api.w.org\/{rel}","templated":true}]}}