{"id":47435,"date":"2019-07-20T14:52:00","date_gmt":"2019-07-20T18:52:00","guid":{"rendered":"https:\/\/linitiative.ca\/International\/des-preches-du-vendredi-sur-belmadi-et-mahrez\/"},"modified":"2019-07-20T14:52:00","modified_gmt":"2019-07-20T18:52:00","slug":"des-preches-du-vendredi-sur-belmadi-et-mahrez","status":"publish","type":"post","link":"https:\/\/linitiative.ca\/International\/des-preches-du-vendredi-sur-belmadi-et-mahrez\/","title":{"rendered":"Des pr\u00eaches du vendredi sur Belmadi et Mahrez"},"content":{"rendered":"<p><br id=\"sep_para_1\" class=\"sep_para access\"\/><\/p>\n<div id=\"para_1\" class=\"para_32228812 resize\">\n<div class=\"texte access firstletter\">Plusieurs pr\u00eaches du vendredi ont \u00e9t\u00e9 consacr\u00e9s \u00e0 l\u2019\u00e9quipe nationale qui disputa la finale de la coupe d\u2019Afrique des nations au Caire contre son homologue du S\u00e9n\u00e9gal. Les imams ont notamment mis en exergue \u00ables comp\u00e9tences de la jeunesse alg\u00e9rienne, capable de se surpasser quand elle est mise dans des conditions idoines\u00bb. Ils ont relev\u00e9 dans leurs pr\u00eaches \u00ables prouesses de l\u2019entraineur de l\u2019\u00e9quipe nationale, Djamel Belmadi, qui a su m\u00e9tamorphos\u00e9 une \u00e9quipe avec laquelle ses pr\u00e9d\u00e9cesseurs avaient \u00e9chou\u00e9\u00bb. Ils ont \u00e9galement mis en exergue \u00ables capacit\u00e9s de Mahrez et de ses co\u00e9quipiers qui n\u2019\u00e9voluent pas en tant que joueurs mais en tant que guerriers sur le terrain, ce qui d\u00e9note du patriotisme et de leur amour pour le pays et les couleurs nationales\u00bb, ont-ils not\u00e9.<\/div>\n<\/div>\n<p>Auteur: R\u00e9flexion<br \/>\n<a href=\"https:\/\/www.reflexiondz.net\/Des-preches-du-vendredi-sur-Belmadi-et-Mahrez_a56700.html\">Cliquez ici pour lire l&rsquo;article depuis sa source.<\/a><\/p>\n","protected":false},"excerpt":{"rendered":"<p>Plusieurs pr\u00eaches du vendredi ont \u00e9t\u00e9 consacr\u00e9s \u00e0 l\u2019\u00e9quipe nationale qui disputa la finale de la coupe d\u2019Afrique des nations au Caire contre son homologue du S\u00e9n\u00e9gal. Les imams ont notamment mis en exergue \u00ables comp\u00e9tences de la jeunesse alg\u00e9rienne, capable de se surpasser quand elle est mise dans des conditions idoines\u00bb. Ils ont relev\u00e9 [&hellip;]<\/p>\n","protected":false},"author":1740,"featured_media":0,"comment_status":"closed","ping_status":"closed","sticky":false,"template":"","format":"standard","meta":{"fifu_image_url":"","fifu_image_alt":"","footnotes":""},"categories":[53,76],"tags":[],"class_list":["post-47435","post","type-post","status-publish","format-standard","hentry","category-algerie","category-regions"],"_links":{"self":[{"href":"https:\/\/linitiative.ca\/International\/wp-json\/wp\/v2\/posts\/47435","targetHints":{"allow":["GET"]}}],"collection":[{"href":"https:\/\/linitiative.ca\/International\/wp-json\/wp\/v2\/posts"}],"about":[{"href":"https:\/\/linitiative.ca\/International\/wp-json\/wp\/v2\/types\/post"}],"author":[{"embeddable":true,"href":"https:\/\/linitiative.ca\/International\/wp-json\/wp\/v2\/users\/1740"}],"replies":[{"embeddable":true,"href":"https:\/\/linitiative.ca\/International\/wp-json\/wp\/v2\/comments?post=47435"}],"version-history":[{"count":0,"href":"https:\/\/linitiative.ca\/International\/wp-json\/wp\/v2\/posts\/47435\/revisions"}],"wp:attachment":[{"href":"https:\/\/linitiative.ca\/International\/wp-json\/wp\/v2\/media?parent=47435"}],"wp:term":[{"taxonomy":"category","embeddable":true,"href":"https:\/\/linitiative.ca\/International\/wp-json\/wp\/v2\/categories?post=47435"},{"taxonomy":"post_tag","embeddable":true,"href":"https:\/\/linitiative.ca\/International\/wp-json\/wp\/v2\/tags?post=47435"}],"curies":[{"name":"wp","href":"https:\/\/api.w.org\/{rel}","templated":true}]}}