{"id":47443,"date":"2019-07-20T05:01:19","date_gmt":"2019-07-20T09:01:19","guid":{"rendered":"https:\/\/linitiative.ca\/International\/echos-de-louest\/"},"modified":"2019-07-20T05:01:19","modified_gmt":"2019-07-20T09:01:19","slug":"echos-de-louest","status":"publish","type":"post","link":"https:\/\/linitiative.ca\/International\/echos-de-louest\/","title":{"rendered":"Echos de l\u2019ouest"},"content":{"rendered":"<h4 class=\"title-14\"\/>\n<p class=\"p1\"><strong><span class=\"s1\">\u2013<\/span> <span class=\"s2\">Tlemcen : \u00abUne II<sup>e<\/sup> R\u00e9publique, une 2<sup>e<\/sup> \u00e9toile\u00a0!\u00bb<\/span><\/strong><\/p>\n<p class=\"p1\"><span class=\"s3\"><strong>L<\/strong><\/span><span class=\"s2\">e 22<sup>e<\/sup> vendredi a \u00e9t\u00e9 particulier hier, en ce sens que les manifestants n\u2019ont pas d\u00e9rog\u00e9 \u00e0 la r\u00e8gle, \u00e0 savoir <em>\u00abFaire d\u00e9guerpir le r\u00e9gime et instaurer une II<sup>e<\/sup> R\u00e9publique\u00bb,<\/em> et pour coller \u00e0 l\u2019\u00e9v\u00e9nement <em>\u00abRemporter cette finale de la Coupe d\u2019Afrique et accrocher une deuxi\u00e8me \u00e9toile sur le maillot de l\u2019\u00e9quipe nationale\u00bb<\/em>.<\/span><\/p>\n<p class=\"p1\"><span class=\"s2\">Les marcheurs, toujours aussi d\u00e9termin\u00e9s, n\u2019ont pas chang\u00e9 d\u2019un iota, sauf peut-\u00eatre dans leur fa\u00e7on de s\u2019habiller aux couleurs des Verts et dans l\u2019innovation des slogans, <em>\u00abNous voulons une II<sup>e<\/sup> R\u00e9publique et une 2<sup>e<\/sup> \u00e9toile!\u00bb<\/em> Puis, \u00e9voquant le dialogue national, les Tlemc\u00e9niens sont cat\u00e9goriques\u00a0: <em>\u00abPas de dialogue avec les pions et les vestiges du r\u00e9gime\u00bb<\/em>.<\/span><\/p>\n<p class=\"p1\"><span class=\"s2\">Chantant l\u2019hymne national \u00e0 tue-t\u00eate, \u00e0 faire fondre le c\u0153ur le plus insensible, les manifestants ont scand\u00e9 l\u2019inoubliable slogan <em>\u00abYetnahaw ga3\u00a0!\u00bb<\/em> Comme quoi m\u00eame le football ne peut faire oublier l\u2019une des revendications essentielles du mouvement populaire. <em>\u00abOn est Alg\u00e9riens, notre c\u0153ur bat pour notre patrie.<\/em><\/span><\/p>\n<p class=\"p1\"><span class=\"s2\"><em>On sera heureux de la victoire ce soir inch\u2019Allah, mais on n\u2019oublie pas que notre pays a besoin plus qu\u2019une victoire en Coupe d\u2019Afrique. Notre combat, c\u2019est pour une II<sup>e<\/sup> R\u00e9publique. La Coupe d\u2019Afrique s\u2019ach\u00e8vera ce soir, mais notre lutte pour un Etat de droit continuera\u00a0!\u00bb<\/em> a d\u00e9clar\u00e9 Hammouche Mohammed, membre actif du hirak.\u00a0<\/span><em><strong>C. Berriah<\/strong><\/em><\/p>\n<p class=\"p1\"><strong><span class=\"s1\">\u2013<\/span> <span class=\"s2\">Tiaret : on n\u2019en d\u00e9mord pas<\/span><\/strong><\/p>\n<p class=\"p1\"><span class=\"s3\"><strong>E<\/strong><\/span><span class=\"s2\">n d\u00e9pit des appr\u00e9hensions li\u00e9es \u00e0 l\u2019actualit\u00e9 footballistique, la canicule mais aussi l\u2019usure, la 22<sup>e<\/sup> \u00e9dition de la marche du vendredi s\u2019est bel et bien tenue hier, 19 juillet 2019. Apr\u00e8s avoir parcouru la ville depuis la rue Emir Abdelkader en passant par le carrefour Regina, boulevard Ben Badis et retour \u00e0 la place des Martyrs, la foule n\u2019a pas \u00e9t\u00e9 avare en slogans comme pour se d\u00e9terminer face \u00e0 l\u2019actualit\u00e9 politique li\u00e9e au hirak.<\/span><\/p>\n<p class=\"p1\"><span class=\"s2\">Si certains mots d\u2019ordre \u00e0 l\u2019endroit du chef d\u2019\u00e9tat-major n\u2019ont pas manqu\u00e9, non sans susciter des moues dubitatives chez les premiers hirakistes, certains refrains comme <em>\u00abDjaza\u00efr horra dimocratia\u00bb, \u00abDjaza\u00efr khaoua khaoua\u00bb, \u00abLib\u00e9rez les d\u00e9tenus\u00bb<\/em> ont \u00e9t\u00e9 largement r\u00e9percut\u00e9s. Abed Asli, un d\u00e9mocrate qui ne m\u00e2che pas ses mots, trouve que <em>\u00able mouvement a besoin de ressorts, d\u2019organisation mais aussi de l\u2019engagement de tous pour ne pas oublier les objectifs initiaux du mouvement du 22 f\u00e9vrier 2019\u00bb<\/em>.<\/span><\/p>\n<p class=\"p1\"><span class=\"s2\">Sur ce point, beaucoup d\u2019autres inv\u00e9t\u00e9r\u00e9s marcheurs ont saut\u00e9 sur l\u2019occasion pour rappeler \u00e0 chaque intervenant <em>\u00abla n\u00e9cessit\u00e9 de s\u2019organiser pour ne pas avoir \u00e0 \u00eatre d\u00e9pass\u00e9s ni voir le mouvement d\u00e9vi\u00e9 tel un fleuve\u00bb<\/em>. Le hirak reste donc travers\u00e9 par des courants de pens\u00e9e mais aussi concurrenc\u00e9, l\u2019espace d\u2019un vendredi, par l\u2019actualit\u00e9 sportive. <em><strong>A. Fawzi<\/strong><\/em><\/span><\/p>\n<p class=\"p1\"><strong><span class=\"s1\">\u2013<\/span> <span class=\"s2\">T\u00e9mouchent : \u00abDawla madania machi\u00a0askaria\u00bb, toujours clam\u00e9<\/span><\/strong><\/p>\n<p class=\"p3\"><span class=\"s3\"><strong>L<\/strong><\/span>es marcheurs t\u00e9mouchentois ont maintenu leur habituel rendez-vous du vendredi avec les m\u00eames slogans, comme <em>\u00abKlitou lablad ya sarakine\u00bb<\/em> en guise d\u2019\u00e9chauffement, repris par les premiers arrivants devant le si\u00e8ge de la wilaya avant l\u2019afflux du plus grand nombre. Apr\u00e8s s\u2019\u00eatre \u00e9branl\u00e9s, les rangs ont grossi au fur et \u00e0 mesure de l\u2019itin\u00e9raire emprunt\u00e9 vers le Sud, et n\u00e9anmoins centre primitif de la ville.<\/p>\n<p class=\"p3\">C\u2019est surtout la revendication d\u2019un Etat civil qui est r\u00e9it\u00e9r\u00e9e maintes fois avec le slogan <em>\u00abDawla madania, machi askaria\u00bb<\/em>. Il est un fait qu\u2019on ne peut manquer de signaler\u00a0: malgr\u00e9 la diversit\u00e9 des courants id\u00e9ologiques qui traversent le hirak \u00e0 T\u00e9mouchent, une fois d\u00e9pass\u00e9es quelques tentatives de caporalisation par les uns ou les autres, un tacite modus vivendi s\u2019est r\u00e9alis\u00e9 autour de l\u2019essentiel. <span class=\"s2\"><strong><em>M. Kali<\/em><\/strong><\/span><\/p>\n<p class=\"p3\"><strong><span class=\"s1\">\u2013<\/span> <span class=\"s2\">Mascara : \u00abLib\u00e9rez la presse\u00a0!\u00bb clame-t-on<\/span><\/strong><\/p>\n<p class=\"p3\"><span class=\"s2\"><strong>L<\/strong><\/span><em>ib\u00e9rez la presse !\u00bb<\/em> et <em>\u00abNon \u00e0 la mise \u00e0 mort de la libert\u00e9 de la presse !\u00bb<\/em> \u00e9taient parmi les slogans les plus repris par les militants du hirak, en ce 22<sup>e<\/sup> vendredi de mobilisation, \u00e0 Mascara. En observant, pour la premi\u00e8re fois, une halte assez longue devant la maison de la presse Bakhti Benouda, en plein centre-ville de Mascara, des centaines de manifestants ont tir\u00e9 \u00e0 boulets rouges sur la presse qui observe un black-out sur le hirak.<\/p>\n<p class=\"p3\">\u00ab<em>Sahafa chiyatine\u00a0!\u00bb<\/em> (Journalistes laudateurs) et \u00ab<em>Sahafat el ar !\u00bb<\/em> (M\u00e9dias de la honte), ont scand\u00e9 les marcheurs en cette journ\u00e9e de grande chaleur. En outre, des repr\u00e9sentants du mouvement citoyen ont manifest\u00e9 leur sympathie au journal <em>El Watan<\/em> apr\u00e8s avoir appris que l\u2019\u00e9dition d\u2019<em>El Watan Week-end<\/em> cessait, ce 19 juillet, de para\u00eetre.<\/p>\n<p class=\"p3\"><em>\u00abNon \u00e0 l\u2019assassinat de la presse ind\u00e9pendante\u00bb<\/em> et <em>\u00abNon \u00e0 la mise \u00e0 mort des libert\u00e9s !\u00bb<\/em>, entonnaient \u00e0 plusieurs reprises les manifestants, parmi eux de nombreux artistes libres. <em>\u00abIl faut sauvegarder les plumes libres\u00bb<\/em>, a lanc\u00e9 Djamel Belleg, un activiste de la premi\u00e8re heure. Parall\u00e8lement, en sillonnant les grandes art\u00e8res de la ville de Mascara, les militants du hirak ont de nouveau cibl\u00e9 le FLN et le RND. Au cours d\u2019une halte devant la mouhafadha de l\u2019ex-parti unique, ils ont scand\u00e9 <em>\u00abFLN, RND d\u00e9gage !\u00bb<\/em> et <em>\u00abQue la bande locale de voleurs rende des comptes au peuple<\/em>\u00bb.<\/p>\n<p class=\"p3\">En poursuivant la marche, les hirakistes reviennent \u00e0 la charge pour exiger \u00ab<em>Dawla mdaniya machi askariya\u00bb<\/em> (Un Etat civil, pas militaire), \u00ab<em>Dawla chababiya machi chibaniya\u00bb<\/em> (Un Etat compos\u00e9 de jeunes et pas de personnes vieillissantes) et \u00ab<em>Echa\u00e2b yourid el istiklal\u00bb<\/em> (Le peuple veut l\u2019ind\u00e9pendance)<em>.<\/em> <em><strong><span class=\"s2\">Souag Abdelouahab<\/span><\/strong><\/em><\/p>\n<p class=\"p3\"><strong><span class=\"s1\">\u2013<\/span> <span class=\"s2\">Mostaganem : Le hirak d\u00e9termin\u00e9<\/span><\/strong><\/p>\n<p class=\"p3\"><span class=\"s4\"><strong>R<\/strong><\/span>ien n\u2019a dissuad\u00e9 les manifestants \u00e0 manifester, hier, pour le 22<sup>e<\/sup> vendredi cons\u00e9cutif, et crier leur col\u00e8re contre les <em>\u00abpersonnages-symboles\u00bb<\/em> du syst\u00e8me. Sur les pancartes, nous pouvions lire\u00a0: \u00abD\u00e9gagez, vous avez pill\u00e9 le pays\u00bb,\u00a0\u00abVous \u00eates une bande de voleurs et personne ne vous fait confiance\u00bb.\u00a0D\u2019autres manifestants\u00a0 scandaient\u00a0\u00a0<em>\u00abDawla madania, machi askaria\u00bb<\/em>. Par ailleurs, les d\u00e9tenus d\u2019opinion n\u2019ont pas \u00e9t\u00e9 oubli\u00e9 et on a r\u00e9clam\u00e9, \u00e0 maintes reprises, leur lib\u00e9ration.<span class=\"Apple-converted-space\">\u00a0<\/span> <em><strong>Lakhdar Hagani<\/strong><\/em><\/p>\n<p class=\"p3\"><strong><span class=\"s1\">\u2013<\/span> <span class=\"s2\">Relizane : la mobilisation est toujours intacte<\/span><\/strong><\/p>\n<p class=\"p3\"><span class=\"s2\"><strong>L<\/strong><\/span><span class=\"s2\">es Relizanais persistent et signent\u00a0: <em>\u00abNous sommes dans la rue depuis le 22 f\u00e9vrier pour r\u00e9clamer le d\u00e9part de la issaba\u00bb<\/em>. Ils sont venus, hier, pour la 22<sup>e<\/sup> fois, manifester et rejeter la feuille de route avanc\u00e9e par le pouvoir.<\/span><\/p>\n<p class=\"p3\"><span class=\"s2\"><em>\u00abNous ne reculons pas, nos revendications sont claires, le d\u00e9part de tous les symboles et autres figures ayant gangren\u00e9 le pays\u00bb,<\/em> a temp\u00eat\u00e9 un jeune en appelant \u00e0 la convergence de tous les efforts pour r\u00e9ussir l\u2019aboutissement.<\/span><\/p>\n<p class=\"p3\"><span class=\"s2\"><em>\u00abL\u2019unicit\u00e9 de notre union est un atout garant de notre processus pour l\u2019instauration d\u2019un Etat de droit\u00bb,<\/em> a laiss\u00e9 entendre un autre, en appelant \u00e0 d\u00e9busquer les intrus qui tentent de fragiliser la d\u00e9marche qui a drain\u00e9 et r\u00e9uni jusque-l\u00e0 tous les Alg\u00e9riens. <em><strong>Issac B<\/strong><\/em><\/span><\/p>\n<p><span class=\"post-views-label\">Post Views:<\/span> <span class=\"post-views-count\">123<\/span><\/p>\n<p><br class=\"c4\"\/><\/p>\n<p>Auteur: Anis Khecheba<br \/>\n<a href=\"https:\/\/www.elwatan.com\/edition\/actualite\/echos-de-louest-9-20-07-2019\">Cliquez ici pour lire l&rsquo;article depuis sa source.<\/a><\/p>\n","protected":false},"excerpt":{"rendered":"<p>\u2013 Tlemcen : \u00abUne IIe R\u00e9publique, une 2e \u00e9toile\u00a0!\u00bb Le 22e vendredi a \u00e9t\u00e9 particulier hier, en ce sens que les manifestants n\u2019ont pas d\u00e9rog\u00e9 \u00e0 la r\u00e8gle, \u00e0 savoir \u00abFaire d\u00e9guerpir le r\u00e9gime et instaurer une IIe R\u00e9publique\u00bb, et pour coller \u00e0 l\u2019\u00e9v\u00e9nement \u00abRemporter cette finale de la Coupe d\u2019Afrique et accrocher une deuxi\u00e8me [&hellip;]<\/p>\n","protected":false},"author":1743,"featured_media":0,"comment_status":"closed","ping_status":"closed","sticky":false,"template":"","format":"standard","meta":{"fifu_image_url":"","fifu_image_alt":"","footnotes":""},"categories":[73,53],"tags":[],"class_list":["post-47443","post","type-post","status-publish","format-standard","hentry","category-actualite","category-algerie"],"_links":{"self":[{"href":"https:\/\/linitiative.ca\/International\/wp-json\/wp\/v2\/posts\/47443","targetHints":{"allow":["GET"]}}],"collection":[{"href":"https:\/\/linitiative.ca\/International\/wp-json\/wp\/v2\/posts"}],"about":[{"href":"https:\/\/linitiative.ca\/International\/wp-json\/wp\/v2\/types\/post"}],"author":[{"embeddable":true,"href":"https:\/\/linitiative.ca\/International\/wp-json\/wp\/v2\/users\/1743"}],"replies":[{"embeddable":true,"href":"https:\/\/linitiative.ca\/International\/wp-json\/wp\/v2\/comments?post=47443"}],"version-history":[{"count":0,"href":"https:\/\/linitiative.ca\/International\/wp-json\/wp\/v2\/posts\/47443\/revisions"}],"wp:attachment":[{"href":"https:\/\/linitiative.ca\/International\/wp-json\/wp\/v2\/media?parent=47443"}],"wp:term":[{"taxonomy":"category","embeddable":true,"href":"https:\/\/linitiative.ca\/International\/wp-json\/wp\/v2\/categories?post=47443"},{"taxonomy":"post_tag","embeddable":true,"href":"https:\/\/linitiative.ca\/International\/wp-json\/wp\/v2\/tags?post=47443"}],"curies":[{"name":"wp","href":"https:\/\/api.w.org\/{rel}","templated":true}]}}