{"id":47444,"date":"2019-07-20T05:01:23","date_gmt":"2019-07-20T09:01:23","guid":{"rendered":"https:\/\/linitiative.ca\/International\/echos-de-lest\/"},"modified":"2019-07-20T05:01:23","modified_gmt":"2019-07-20T09:01:23","slug":"echos-de-lest","status":"publish","type":"post","link":"https:\/\/linitiative.ca\/International\/echos-de-lest\/","title":{"rendered":"Echos de l\u2019est"},"content":{"rendered":"<h4 class=\"title-14\"\/>\n<p><span class=\"s2\"><strong>\u2013 Skikda : \u00abLe hirak contre le pouvoir et l\u2019\u00e9quipe du S\u00e9n\u00e9gal\u00bb<\/strong><\/span><\/p>\n<p class=\"p3\"><span class=\"s2\"><strong>L<\/strong><\/span><span class=\"s2\">es Skikdis et par centaines ont march\u00e9 hier encore, signifiant ainsi leur volont\u00e9 de poursuivre la lutte jusqu\u2019au d\u00e9part du pouvoir. <em>\u00abC\u2019est nous ou vous, on n\u2019abdiquera jamais\u00a0!\u00bb<\/em> scandaient d\u2019une seule voix les manifestants en brandissant des pancartes portant divers slogans.<\/span><\/p>\n<p class=\"p3\"><span class=\"s2\">L\u2019appel \u00e0 la lib\u00e9ration des d\u00e9tenus d\u2019opinion a encore \u00e9t\u00e9 r\u00e9it\u00e9r\u00e9 et les manifestants n\u2019ont pas m\u00e9nag\u00e9 la presse, coupable \u00e0 leurs yeux de minimiser l\u2019ampleur des marches. \u00abLa presse alg\u00e9rienne, le grand absent et le grand tra\u00eetre\u00bb, \u00abOn veut un pont a\u00e9rien pour restituer nos fonds d\u00e9tourn\u00e9s en Europe\u00bb, mentionnaient d\u2019autres pancartes.<\/span><\/p>\n<p class=\"p3\"><span class=\"s2\">Des slogans \u00e0 port\u00e9e locale ont fait leur apparition hier, \u00e0 l\u2019exemple de \u00abSkikda, une wilaya sans d\u00e9veloppement\u00bb et \u00abRestituez la for\u00eat de Bengana aux Skikdis\u00bb.<\/span><\/p>\n<p class=\"p3\"><span class=\"s2\">Par ailleurs, la finale de la Can a \u00e9t\u00e9 pr\u00e9sente dans la marche. A ce sujet, les jeunes manifestants ont fait preuve d\u2019une certaine ing\u00e9niosit\u00e9 en brandissant des pancartes relatives \u00e0 cette manifestation sportive : \u00ab Le hirak contre le pouvoir et l\u2019\u00e9quipe du S\u00e9n\u00e9gal\u00bb. Une reproduction du troph\u00e9e africain a m\u00eame \u00e9t\u00e9 r\u00e9alis\u00e9e et exhib\u00e9e lors de la marche.\u00a0<\/span><em><strong><span class=\"s2\">K. Ouhab<\/span><\/strong><\/em><\/p>\n<p class=\"p3\"><strong><span class=\"s1\">\u2013<\/span> <span class=\"s2\">Jijel : Maintenir la pression jusqu\u2019\u00e0 septembre<\/span><\/strong><\/p>\n<p class=\"p3\"><span class=\"s3\"><strong>L<\/strong><\/span><span class=\"s2\">a 22<sup>e<\/sup> marche populaire \u00e0 Jijel, bien que moins importante que les pr\u00e9c\u00e9dentes, a eu le m\u00e9rite d\u2019avoir rassembl\u00e9 plusieurs milliers de personnes des deux sexes. Pour plusieurs marcheurs avec lesquels nous avons convers\u00e9 durant tout le parcours, en ces moments caniculaires et de vacances, il est normal qu\u2019il y ait moins de monde, mais, ajoutent-ils, l\u2019essentiel aujourd\u2019hui est de maintenir la pression jusqu\u2019\u00e0 faire la jonction avec le mois de septembre o\u00f9 la mobilisation reprendra son cours normal.<\/span><\/p>\n<p class=\"p3\"><span class=\"s2\">Les manifestants ont scand\u00e9 haut et fort des slogans anti-pouvoir ainsi que les habituelles devises appelant \u00e0 l\u2019\u00e9tablissement d\u2019un pouvoir civil, demandant l\u2019istiklal (l\u2019ind\u00e9pendance), et m\u00eame une pique \u00e0 l\u2019adresse de la justice en criant : <em>\u00abBarakat, barakat, adalat ettilifounate !\u00bb<\/em> (Justice du t\u00e9l\u00e9phone).<\/span><\/p>\n<p class=\"p3\"><span class=\"s2\">Des pancartes ont \u00e9galement \u00e9t\u00e9 brandies, sur lesquelles on pouvait lire : \u00abLe patriotisme des footballeurs alg\u00e9riens n\u2019a d\u2019\u00e9gale que la trahison de nos hommes politiques\u00bb, \u00abNon au dialogue, lib\u00e9rez les d\u00e9tenus politiques\u00bb, et celle qui demandait \u00e0 faire attention de \u00abNe jamais confondre joie footballistique et revendications politiques\u00bb.\u00a0<\/span><em><strong>Fodil S.<\/strong><\/em><\/p>\n<p class=\"p3\"><strong><span class=\"s1\">\u2013<\/span> <span class=\"s2\">S\u00e9tif : La r\u00e9cup\u00e9ration politicienne de l\u2019\u00e9pop\u00e9e des Verts d\u00e9cri\u00e9e<\/span><\/strong><\/p>\n<p class=\"p3\"><span class=\"s3\"><strong>C<\/strong><\/span><span class=\"s2\">oinc\u00e9e entre la 32<sup>e<\/sup> finale de la Coupe d\u2019Afrique des nations (CAN) et les r\u00e9sultats du bac \u2013 un bon mill\u00e9sime \u00e0 S\u00e9tif o\u00f9 l\u2019on a enregistr\u00e9 cette ann\u00e9e un taux de r\u00e9ussite de 65,64%, soit plus de 11 points au-dessus de la moyenne nationale \u2013, la 22<sup>e<\/sup> manifestation du mouvement citoyen d\u00e9clench\u00e9 le 22 f\u00e9vrier dernier intervient dans un contexte particulier.<\/span><\/p>\n<p class=\"p3\"><span class=\"s2\">L\u2019actualit\u00e9 sportive et les soubresauts politiques de la semaine \u00e9coul\u00e9e ne laissent pas indiff\u00e9rents de nombreux S\u00e9tifiens fustigeant les man\u0153uvres des uns et des autres.\u00a0<em>\u00able pouvoir n\u2019a aucun m\u00e9rite dans l\u2019\u00e9pop\u00e9e des Verts en Egypte. Le pont a\u00e9rien est \u00e0 la fois un leurre, une diversion et une tentative de r\u00e9cup\u00e9ration.<\/em><\/span><\/p>\n<p class=\"p3\"><span class=\"s2\"><em>Connaissant bien le refrain d\u2019un r\u00e9gime en manque d\u2019arguments, le peuple alg\u00e9rien, n\u2019exigeant ni plus ni moins que le d\u00e9part des derniers sbires d\u2019un pouvoir d\u00e9suet, n\u2019est pas dupe. Le parcours des Verts exprime clairement l\u2019\u00e9tat d\u2019esprit d\u2019un peuple faisant sa mue\u00bb<\/em>, fulminent de nombreux jeunes, aux avant-postes d\u2019une protestation ne prenant aucune ride.<\/span><\/p>\n<p class=\"p3\"><span class=\"s2\">Tr\u00e8s controvers\u00e9e, la derni\u00e8re sortie du forum civil du changement ne passe pas inaper\u00e7ue.\u00a0<em>\u00abSouill\u00e9e durant le r\u00e8gne oligarchique de Bouteflika, la soci\u00e9t\u00e9 civile n\u2019a pas besoin d\u2019un tuteur, refuse de dialoguer avec aussi bien le Premier ministre que le chef de l\u2019Etat par int\u00e9rim.<\/em><\/span><\/p>\n<p class=\"p3\"><span class=\"s2\"><em>On ne peut pas parler de dialogue s\u00e9rieux alors que des prisonniers d\u2019opinion et un valeureux moudjahid croupissent dans les prisons tels des malfrats.<\/em><\/span><\/p>\n<p class=\"p3\"><span class=\"s2\"><em>Avant de se mettre autour d\u2019une table, il faut mettre un terme \u00e0 la pression exerc\u00e9e sur certains titres de\u00a0la presse nationale, punis \u00e0 cause de leur ligne \u00e9ditoriale\u00bb<\/em>, s\u2019insurgent des manifestants d\u00e9ployant les m\u00eames pancartes et banderoles, sur lesquelles on pouvait lire \u00a0:\u00a0\u00abLib\u00e9rez les d\u00e9tenus d\u2019opinion\u00bb, \u00abPour un Etat de droit\u00bb, \u00abLib\u00e9rez l\u2019Alg\u00e9rie, lib\u00e9rez la justice\u00bb, \u00abPas d\u2019\u00e9lections avec la bande\u00bb.\u00a0<\/span><strong><em>Kamel Beniaiche<\/em><\/strong><\/p>\n<p class=\"p1\"><strong><span class=\"s1\">\u2013\u00a0<\/span><span class=\"s2\">Annaba : \u00abLe peuple veut son ind\u00e9pendance\u00bb<\/span><\/strong><\/p>\n<p class=\"p1\"><span class=\"s2\"><strong>N<\/strong><\/span><span class=\"s2\">i le stress de la finale de la Coupe d\u2019Afrique, ni la canicule, encore moins l\u2019appel de la mer n\u2019ont dissuad\u00e9 les habitants de la wilaya d\u2019Annaba \u00e0 manifester pour le 22<sup>e<\/sup> vendredi. En effet, ils sont nombreux, hommes, femmes et enfants \u00e0 r\u00e9pondre \u00e0 l\u2019appel de la patrie pour revendiquer\u00a0: <em>\u00abEcha\u00e2b yourid al istiklal\u00a0!\u00bb<\/em> (Le peuple veut son ind\u00e9pendance).<\/span><\/p>\n<p class=\"p1\"><span class=\"s2\">Ainsi, la protestation populaire maintient toujours son rythme dans la wilaya d\u2019Annaba par sa traditionnelle affluence tr\u00e8s nombreuse. Les jeunes et les enfants se sont distingu\u00e9s hier en portant le maillot de l\u2019\u00e9quipe nationale. <em>\u00abNos jeunes sont partis au Caire pour supporter l\u2019\u00e9quipe nationale et les couleurs de la patrie.<\/em><\/span><\/p>\n<p class=\"p1\"><span class=\"s2\"><em>Ici, nous la d\u00e9fendons aussi, car notre mission et de supporter l\u2019Alg\u00e9rie contre le syst\u00e8me mafieux. Rien ne nous n\u2019emp\u00eachera de sortir chaque vendredi jusqu\u2019\u00e0 la naissance d\u2019une nouvelle Alg\u00e9rie, d\u00e9mocratique et de droit\u00bb<\/em>, mart\u00e8le un groupe de jeunes rencontr\u00e9s sur le Cours de la R\u00e9volution, la plus importante place publique de la wilaya d\u2019Annaba.<\/span><\/p>\n<p class=\"p1\"><span class=\"s2\">Comme d\u2019habitude, le chef d\u2019\u00e9tat-major des arm\u00e9es, le g\u00e9n\u00e9ral Ahmed Ga\u00efd Salah a eu droit \u00e0 des salves de slogans hostiles \u00e0 sa personne et \u00e0 sa politique.<\/span><\/p>\n<p class=\"p1\"><span class=\"s2\">Pour le confirmer, les manifestants n\u2019ont pas cess\u00e9 de crier, tel un refrain : <em>\u00abDawla madania machi askaria\u00a0!\u00bb<\/em> (Etat civil non militaire). Festive, l\u2019ambiance l\u2019\u00e9tait comme d\u2019habitude o\u00f9 les femmes tout autant que les enfants, pr\u00e9sents en nombre, ont parsem\u00e9 les foules avec des embl\u00e8mes sur le dos. La solidarit\u00e9 populaire y \u00e9tait aussi. On distribuait des bouteilles d\u2019eau fra\u00eeche, des confiseries et surtout des sacs poubelles pour ceux qui veulent participer au nettoyage des rues apr\u00e8s les manifestations.\u00a0<\/span><em><strong>M-F. G.<\/strong><\/em><\/p>\n<p class=\"p1\"><strong><span class=\"s1\">\u2013<\/span> <span class=\"s2\">El Tarf : Des barri\u00e8res autour de la placette de rassemblement<\/span><\/strong><\/p>\n<p class=\"p3\"><span class=\"s2\"><strong>I<\/strong><\/span><span class=\"s2\">nd\u00e9niablement, il y a eu plus de monde ce 22<sup>e<\/sup> vendredi de la R\u00e9volution du sourire \u00e0 El Tarf. Pas de perturbateurs dans les rangs des marcheurs, mais surpris \u00e0 l\u2019arriv\u00e9e sur la place du 5 Juillet qui fait face au si\u00e8ge de la wilaya. L\u2019acc\u00e8s \u00e0 la placette sur\u00e9lev\u00e9e o\u00f9 se rassemblaient les manifestants pour scander leurs mots d\u2019ordre \u00e9tait ferm\u00e9 par des barri\u00e8res Vauban.\u00a0<\/span><em><strong><span class=\"s2\">Slim Sadki<\/span><\/strong><\/em><\/p>\n<p><span class=\"post-views-label\">Post Views:<\/span> <span class=\"post-views-count\">189<\/span><\/p>\n<p><br class=\"c4\"\/><\/p>\n<p>Auteur: Anis Khecheba<br \/>\n<a href=\"https:\/\/www.elwatan.com\/edition\/actualite\/echos-de-lest-7-20-07-2019\">Cliquez ici pour lire l&rsquo;article depuis sa source.<\/a><\/p>\n","protected":false},"excerpt":{"rendered":"<p>\u2013 Skikda : \u00abLe hirak contre le pouvoir et l\u2019\u00e9quipe du S\u00e9n\u00e9gal\u00bb Les Skikdis et par centaines ont march\u00e9 hier encore, signifiant ainsi leur volont\u00e9 de poursuivre la lutte jusqu\u2019au d\u00e9part du pouvoir. \u00abC\u2019est nous ou vous, on n\u2019abdiquera jamais\u00a0!\u00bb scandaient d\u2019une seule voix les manifestants en brandissant des pancartes portant divers slogans. L\u2019appel \u00e0 [&hellip;]<\/p>\n","protected":false},"author":1743,"featured_media":0,"comment_status":"closed","ping_status":"closed","sticky":false,"template":"","format":"standard","meta":{"fifu_image_url":"","fifu_image_alt":"","footnotes":""},"categories":[73,53],"tags":[],"class_list":["post-47444","post","type-post","status-publish","format-standard","hentry","category-actualite","category-algerie"],"_links":{"self":[{"href":"https:\/\/linitiative.ca\/International\/wp-json\/wp\/v2\/posts\/47444","targetHints":{"allow":["GET"]}}],"collection":[{"href":"https:\/\/linitiative.ca\/International\/wp-json\/wp\/v2\/posts"}],"about":[{"href":"https:\/\/linitiative.ca\/International\/wp-json\/wp\/v2\/types\/post"}],"author":[{"embeddable":true,"href":"https:\/\/linitiative.ca\/International\/wp-json\/wp\/v2\/users\/1743"}],"replies":[{"embeddable":true,"href":"https:\/\/linitiative.ca\/International\/wp-json\/wp\/v2\/comments?post=47444"}],"version-history":[{"count":0,"href":"https:\/\/linitiative.ca\/International\/wp-json\/wp\/v2\/posts\/47444\/revisions"}],"wp:attachment":[{"href":"https:\/\/linitiative.ca\/International\/wp-json\/wp\/v2\/media?parent=47444"}],"wp:term":[{"taxonomy":"category","embeddable":true,"href":"https:\/\/linitiative.ca\/International\/wp-json\/wp\/v2\/categories?post=47444"},{"taxonomy":"post_tag","embeddable":true,"href":"https:\/\/linitiative.ca\/International\/wp-json\/wp\/v2\/tags?post=47444"}],"curies":[{"name":"wp","href":"https:\/\/api.w.org\/{rel}","templated":true}]}}