{"id":47445,"date":"2019-07-20T05:01:26","date_gmt":"2019-07-20T09:01:26","guid":{"rendered":"https:\/\/linitiative.ca\/International\/les-precisions-du-forum-et-les-felicitations-de-bensalah\/"},"modified":"2019-07-20T05:01:26","modified_gmt":"2019-07-20T09:01:26","slug":"les-precisions-du-forum-et-les-felicitations-de-bensalah","status":"publish","type":"post","link":"https:\/\/linitiative.ca\/International\/les-precisions-du-forum-et-les-felicitations-de-bensalah\/","title":{"rendered":"Les pr\u00e9cisions du forum et les f\u00e9licitations de Bensalah\u00a0!"},"content":{"rendered":"<h4 class=\"title-14\">Pol\u00e9mique autour de la Liste des 13 personnalit\u00e9s propos\u00e9es par le FCC<\/h4>\n<p class=\"p4\"><span class=\"s1\"><strong>L<\/strong><\/span><span class=\"s1\">a pol\u00e9mique suscit\u00e9e par la liste des 13 personnalit\u00e9s propos\u00e9es par le Forum civil pour le changement (FCC) que pr\u00e9side Abderrahmane Arar du r\u00e9seau Nada, afin de chapeauter le dialogue avec le pouvoir, a pouss\u00e9 les animateurs du FCC \u00e0 apporter des clarifications, notamment apr\u00e8s les d\u00e9mentis de la moudjahida Djamila Bouhired, de l\u2019ex-chef de gouvernement Mouloud Hamrouche et de Taleb Ibrahimi.<\/span><\/p>\n<p class=\"p5\"><span class=\"s1\">Ces personnalit\u00e9s figurant dans la liste disent ne pas avoir \u00e9t\u00e9 inform\u00e9es de cette initiative et encore moins avoir donn\u00e9 leur accord.<\/span><\/p>\n<p class=\"p5\"><span class=\"s1\">Jeudi, au lendemain de l\u2019annonce de cette liste, le Forum a rectifi\u00e9 le tir en pr\u00e9cisant que Djamila Bouhired, Mouloud Hamrouche et Ahmed Taleb n\u2019ont pas \u00e9t\u00e9 d\u00fbment contact\u00e9s pour faire partie de l\u2019instance de m\u00e9diation et que leurs noms ont \u00e9t\u00e9 inclus en raison, entre autres, de leur poids politique. <em>\u00abNous pr\u00e9cisons que nous avons pris attache avec de nombreuses personnalit\u00e9s nationales et obtenu leur accord pour participer \u00e0 la d\u00e9marche.<\/em><\/span><\/p>\n<p class=\"p5\"><span class=\"s1\"><em>Quant \u00e0 la moudjahida Djamila Bouhired, Ahmed Taleb Ibrahimi et Mouloud Hamrouche, c\u2019est le Forum qui a pris l\u2019initiative d\u2019inclure leurs noms directement dans la liste pour la symbolique qu\u2019ils repr\u00e9sentent, leur popularit\u00e9, leur pass\u00e9 militant et leur poids politique\u00bb<\/em>, explique le Forum dans un communiqu\u00e9 rendu public.<\/span><\/p>\n<p class=\"p5\"><span class=\"s1\">Le Forum esp\u00e8re un signal de la part de ces personnalit\u00e9s\u00a0: <em>\u00abSans diminuer de la valeur des autres personnalit\u00e9s figurant dans la liste, nous estimons qu\u2019il est inconcevable d\u2019entamer le processus de dialogue sans ce genre d\u2019hommes et de femmes. Nous saluons leurs positions, nous respectons leurs d\u00e9cisions et leurs avis et nous restons dans l\u2019attente d\u2019un signal de leur part. Quoi qu\u2019il en soit, le processus de dialogue a pris la voie qui m\u00e8ne vers la sortie de crise.\u00bb<\/em><\/span><\/p>\n<p class=\"p5\"><span class=\"s1\">Seulement, ces personnalit\u00e9s ont vite fait de r\u00e9agir par un niet cat\u00e9gorique, estimant qu\u2019elles ne sont nullement concern\u00e9es par cette initiative. Mouloud Hamrouche a \u00e9mis des r\u00e9serves. <em>\u00abPersonne ne m\u2019a contact\u00e9 et je ne suis pas concern\u00e9 par cette liste annonc\u00e9e par Abderrahmane Arar\u00bb<\/em>, a-t-il pr\u00e9cis\u00e9.<\/span><\/p>\n<p class=\"p5\"><span class=\"s1\">M\u00eame r\u00e9action de Djamila Bouhired qui \u00e9tait \u00e9tonn\u00e9e de voir son nom sur cette liste. Pour elle, il ne peut y avoir de dialogue avec ceux qui accusent leurs patriotes de trahison.<\/span><\/p>\n<p class=\"p5\"><span class=\"s1\"><em>\u00abAlors que des patriotes sont jet\u00e9s en prison pour d\u00e9lit d\u2019opinion, dont un officier de l\u2019ALN, le fr\u00e8re Lakhdar Bourega\u00e2, il ne peut y avoir de dialogue avec ceux qui nous menacent et nous accusent de trahison. Je r\u00e9affirme ma solidarit\u00e9 avec le peuple en lutte pour son \u00e9mancipation citoyenne, dans la libert\u00e9, la dignit\u00e9 et la d\u00e9mocratie\u00bb<\/em>, a indiqu\u00e9 la c\u00e9l\u00e8bre moudjahida.<\/span><\/p>\n<p class=\"p5\"><span class=\"s1\">Par ailleurs, les personnalit\u00e9s ont donn\u00e9 leur accord de principe sous condition que le pourvoir prenne <em>\u00abdes mesures d\u2019apaisement pour instaurer la confiance\u00bb<\/em>. Bouchachi, Djabi, Merabet\u2026 estiment que les conditions doivent \u00eatre r\u00e9unies avant l\u2019entame de tout dialogue, \u00e0 savoir <em>\u00able d\u00e9part des symboles du syst\u00e8me, la lib\u00e9ration des d\u00e9tenus politiques et d\u2019opinion, l\u2019ouverture de l\u2019espace public et des diff\u00e9rents m\u00e9dias \u00e0 toutes les opinions et orientations en toute libert\u00e9 et la lev\u00e9e de toutes les restrictions impos\u00e9es aux manifestants\u00bb.<\/em><\/span><\/p>\n<p class=\"p5\"><span class=\"s1\">Par contre, le chef de l\u2019Etat par int\u00e9rim, Abdelkader Bensalah, s\u2019est f\u00e9licit\u00e9 de cette initiative qui constitue, selon lui, un pas positif allant dans le sens de la concr\u00e9tisation de la d\u00e9marche propos\u00e9e par l\u2019Etat.<\/span><\/p>\n<p class=\"p5\"><span class=\"s1\">M.\u00a0Bensalah a consid\u00e9r\u00e9, \u00e0 ce titre, cette proposition <em>\u00abde nature \u00e0 servir de base pour la constitution du panel de personnalit\u00e9s nationales appel\u00e9es \u00e0 mener le processus de facilitation du dialogue\u00bb<\/em>. Au regard de la pol\u00e9mique et des interrogations qu\u2019a suscit\u00e9es cette liste, beaucoup se demandent si cette initiative n\u2019est pas inspir\u00e9e par le pouvoir en place\u00a0! Comme ils s\u2019interrogent sur les motivation et ambitions du pr\u00e9sident du Forum\u00a0!<\/span><\/p>\n<p><span class=\"post-views-label\">Post Views:<\/span> <span class=\"post-views-count\">1\u00a0508<\/span><\/p>\n<p><br class=\"c5\"\/><\/p>\n<p>Auteur: Anis Khecheba<br \/>\n<a href=\"https:\/\/www.elwatan.com\/edition\/actualite\/les-precisions-du-forum-et-les-felicitations-de-bensalah-20-07-2019\">Cliquez ici pour lire l&rsquo;article depuis sa source.<\/a><\/p>\n","protected":false},"excerpt":{"rendered":"<p>Pol\u00e9mique autour de la Liste des 13 personnalit\u00e9s propos\u00e9es par le FCC La pol\u00e9mique suscit\u00e9e par la liste des 13 personnalit\u00e9s propos\u00e9es par le Forum civil pour le changement (FCC) que pr\u00e9side Abderrahmane Arar du r\u00e9seau Nada, afin de chapeauter le dialogue avec le pouvoir, a pouss\u00e9 les animateurs du FCC \u00e0 apporter des clarifications, [&hellip;]<\/p>\n","protected":false},"author":1743,"featured_media":0,"comment_status":"closed","ping_status":"closed","sticky":false,"template":"","format":"standard","meta":{"fifu_image_url":"","fifu_image_alt":"","footnotes":""},"categories":[73,53],"tags":[],"class_list":["post-47445","post","type-post","status-publish","format-standard","hentry","category-actualite","category-algerie"],"_links":{"self":[{"href":"https:\/\/linitiative.ca\/International\/wp-json\/wp\/v2\/posts\/47445","targetHints":{"allow":["GET"]}}],"collection":[{"href":"https:\/\/linitiative.ca\/International\/wp-json\/wp\/v2\/posts"}],"about":[{"href":"https:\/\/linitiative.ca\/International\/wp-json\/wp\/v2\/types\/post"}],"author":[{"embeddable":true,"href":"https:\/\/linitiative.ca\/International\/wp-json\/wp\/v2\/users\/1743"}],"replies":[{"embeddable":true,"href":"https:\/\/linitiative.ca\/International\/wp-json\/wp\/v2\/comments?post=47445"}],"version-history":[{"count":0,"href":"https:\/\/linitiative.ca\/International\/wp-json\/wp\/v2\/posts\/47445\/revisions"}],"wp:attachment":[{"href":"https:\/\/linitiative.ca\/International\/wp-json\/wp\/v2\/media?parent=47445"}],"wp:term":[{"taxonomy":"category","embeddable":true,"href":"https:\/\/linitiative.ca\/International\/wp-json\/wp\/v2\/categories?post=47445"},{"taxonomy":"post_tag","embeddable":true,"href":"https:\/\/linitiative.ca\/International\/wp-json\/wp\/v2\/tags?post=47445"}],"curies":[{"name":"wp","href":"https:\/\/api.w.org\/{rel}","templated":true}]}}