{"id":47448,"date":"2019-07-20T05:01:48","date_gmt":"2019-07-20T09:01:48","guid":{"rendered":"https:\/\/linitiative.ca\/International\/le-raj-denonce-une-atteinte-grave-aux-libertes\/"},"modified":"2019-07-20T05:01:48","modified_gmt":"2019-07-20T09:01:48","slug":"le-raj-denonce-une-atteinte-grave-aux-libertes","status":"publish","type":"post","link":"https:\/\/linitiative.ca\/International\/le-raj-denonce-une-atteinte-grave-aux-libertes\/","title":{"rendered":"Le RAJ d\u00e9nonce une \u00abatteinte grave aux libert\u00e9s\u00bb"},"content":{"rendered":"<h4 class=\"title-14\">La 35e \u00e9dition de son forum public emp\u00each\u00e9e<\/h4>\n<p class=\"p3\"><span class=\"s1\"><strong>L<\/strong><\/span><span class=\"s1\">e Rassemblement Actions Jeunesse (RAJ) d\u00e9nonce \u00e9nergiquement l\u2019interdiction de la 35<sup>e<\/sup> \u00e9dition de son forum, qui devait se tenir comme d\u2019habitude sur une place publique, \u00e0 c\u00f4t\u00e9 de la Grande-Poste.<\/span><\/p>\n<p class=\"p3\"><span class=\"s1\">Ce forum se tenait normalement depuis le d\u00e9but du hirak le 22 f\u00e9vrier dernier, devenant ainsi un espace public de d\u00e9bat et de la libre expression. \u00ab<em>La r\u00e9appropriation de l\u2019espace public comme espace de d\u00e9bat citoyen est l\u2019un des acquis du mouvement du 22 f\u00e9vrier, ce dernier est plus que jamais menac\u00e9\u00bb,<\/em> estime Abdelouhab Fersaoui, pr\u00e9sident de cette organisation des jeunes Alg\u00e9riens.<\/span><\/p>\n<p class=\"p3\"><span class=\"s1\"><em>\u00abAu moment o\u00f9 les militants du RAJ s\u2019appr\u00eataient \u00e0 s\u2019installer comme d\u2019habitude pour commencer le d\u00e9bat avec la population autour du sujet du \u2018\u2018Dialogue\u2019\u2019<\/em>, la police pr\u00e9sente en force sur les lieux a somm\u00e9 les pr\u00e9sents d\u2019\u00e9vacuer les lieux en disant que c\u2019est fini, <em>\u00abvous ne pouvez plus organiser vos d\u00e9bats ici\u00bb,<\/em> explique M. Fersaoui dans un communiqu\u00e9, consid\u00e9rant que le pouvoir <em>\u00absouffle le chaud et le froid, au moment o\u00f9 il appelle au dialogue pour trouver une issue \u00e0 la crise comme il aime \u00e0 le r\u00e9p\u00e9ter, il emp\u00eache le dialogue dans la soci\u00e9t\u00e9\u00bb.<\/em><\/span><\/p>\n<p class=\"p3\"><span class=\"s1\"><em>\u00abIl interdit des conf\u00e9rences, il r\u00e9duit les espaces de manifestations, il met les Alg\u00e9riens en prison pour avoir port\u00e9 le drapeau amazigh ou pour avoir exprim\u00e9 une opinion\u00bb<\/em>, soutient-il.<\/span><\/p>\n<p class=\"p3\"><span class=\"s1\">Le RAJ voit cette interdiction comme <em>\u00abun autre indice r\u00e9v\u00e9lateur de l\u2019absence de volont\u00e9 politique chez le pouvoir de r\u00e9pondre favorablement aux revendications l\u00e9gitimes des Alg\u00e9riennes et des Alg\u00e9riens qui manifestent pacifiquement depuis le 22 f\u00e9vrier et qui aspirent \u00e0 la libert\u00e9 et \u00e0 exercer pleinement leur citoyennet\u00e9\u00bb.<\/em><\/span><\/p>\n<p class=\"p3\"><span class=\"s1\">Cette interdiction vise aussi, estime le RAJ, \u00e0\u00a0<em>\u00ab\u00e9touffer\u00a0\u00bb<\/em> et <em>\u00abaffaiblir le mouvement\u00bb<\/em> en emp\u00eachant les Alg\u00e9riens de d\u00e9battre et de se r\u00e9unir. <em>\u00abPar cette r\u00e9pression, le pouvoir envisage d\u2019en finir avec le hirak, il revient aux anciennes pratiques r\u00e9pressives d\u2019avant le 22 f\u00e9vrier\u00bb,<\/em> d\u00e9nonce encore cette organisation de la jeunesse, qui affirme qu\u2019elle ne se laissera pas faire.<\/span><\/p>\n<p class=\"p3\"><span class=\"s1\">Le RAJ r\u00e9it\u00e8re dans ce sillage son engagement et son implication dans le hirak et consid\u00e8re que <em>\u00abla poursuite du mouvement est le seul garant face \u00e0 ce pouvoir machiav\u00e9lique qui ne cherche que son maintien\u00bb.<\/em><\/span><\/p>\n<p class=\"p3\"><span class=\"s1\">Il r\u00e9affirme <em>\u00abl\u2019urgence d\u2019aller vers une p\u00e9riode de transition\u00bb.<\/em> Cette organisation estime qu\u2019<em>\u00abil ne peut y avoir de dialogue sans la lib\u00e9ration imm\u00e9diate et inconditionnelle de tous les d\u00e9tenus d\u2019opinion, cesser les interpellations, enlever l\u2019embargo s\u00e9curitaire sur Alger, garantir les libert\u00e9s d\u00e9mocratiques, notamment la libert\u00e9 de r\u00e9union, de rassemblement, d\u2019associations, d\u2019expression et de presse\u00bb.<\/em><\/span><\/p>\n<p class=\"p3\"><span class=\"s1\">Pour le RAJ, seule la poursuite de la mobilisation va faire cesser les atteintes aux libert\u00e9s. Il appelle ainsi <em>\u00abtoutes les forces vives \u00e0 se mobiliser pacifiquement pour d\u00e9fendre les libert\u00e9s d\u00e9mocratiques, l\u2019un des fondements d\u2019un Etat de droit et \u00e0 cr\u00e9er des synergies pour d\u00e9jouer toutes tentatives du pouvoir qui visent \u00e0 casser le mouvement\u00bb.<\/em><\/span><\/p>\n<p><span class=\"post-views-label\">Post Views:<\/span> <span class=\"post-views-count\">604<\/span><\/p>\n<p><br class=\"c4\"\/><\/p>\n<p>Auteur: Anis Khecheba<br \/>\n<a href=\"https:\/\/www.elwatan.com\/edition\/actualite\/le-raj-denonce-une-atteinte-grave-aux-libertes-20-07-2019\">Cliquez ici pour lire l&rsquo;article depuis sa source.<\/a><\/p>\n","protected":false},"excerpt":{"rendered":"<p>La 35e \u00e9dition de son forum public emp\u00each\u00e9e Le Rassemblement Actions Jeunesse (RAJ) d\u00e9nonce \u00e9nergiquement l\u2019interdiction de la 35e \u00e9dition de son forum, qui devait se tenir comme d\u2019habitude sur une place publique, \u00e0 c\u00f4t\u00e9 de la Grande-Poste. Ce forum se tenait normalement depuis le d\u00e9but du hirak le 22 f\u00e9vrier dernier, devenant ainsi un [&hellip;]<\/p>\n","protected":false},"author":1743,"featured_media":0,"comment_status":"closed","ping_status":"closed","sticky":false,"template":"","format":"standard","meta":{"fifu_image_url":"","fifu_image_alt":"","footnotes":""},"categories":[73,53],"tags":[],"class_list":["post-47448","post","type-post","status-publish","format-standard","hentry","category-actualite","category-algerie"],"_links":{"self":[{"href":"https:\/\/linitiative.ca\/International\/wp-json\/wp\/v2\/posts\/47448","targetHints":{"allow":["GET"]}}],"collection":[{"href":"https:\/\/linitiative.ca\/International\/wp-json\/wp\/v2\/posts"}],"about":[{"href":"https:\/\/linitiative.ca\/International\/wp-json\/wp\/v2\/types\/post"}],"author":[{"embeddable":true,"href":"https:\/\/linitiative.ca\/International\/wp-json\/wp\/v2\/users\/1743"}],"replies":[{"embeddable":true,"href":"https:\/\/linitiative.ca\/International\/wp-json\/wp\/v2\/comments?post=47448"}],"version-history":[{"count":0,"href":"https:\/\/linitiative.ca\/International\/wp-json\/wp\/v2\/posts\/47448\/revisions"}],"wp:attachment":[{"href":"https:\/\/linitiative.ca\/International\/wp-json\/wp\/v2\/media?parent=47448"}],"wp:term":[{"taxonomy":"category","embeddable":true,"href":"https:\/\/linitiative.ca\/International\/wp-json\/wp\/v2\/categories?post=47448"},{"taxonomy":"post_tag","embeddable":true,"href":"https:\/\/linitiative.ca\/International\/wp-json\/wp\/v2\/tags?post=47448"}],"curies":[{"name":"wp","href":"https:\/\/api.w.org\/{rel}","templated":true}]}}