{"id":47449,"date":"2019-07-20T05:01:48","date_gmt":"2019-07-20T09:01:48","guid":{"rendered":"https:\/\/linitiative.ca\/International\/boumerdes-plus-de-policiers-moins-de-manifestants\/"},"modified":"2019-07-20T05:01:48","modified_gmt":"2019-07-20T09:01:48","slug":"boumerdes-plus-de-policiers-moins-de-manifestants","status":"publish","type":"post","link":"https:\/\/linitiative.ca\/International\/boumerdes-plus-de-policiers-moins-de-manifestants\/","title":{"rendered":"Boumerd\u00e8s :\u00a0Plus de policiers, moins de manifestants"},"content":{"rendered":"<h4 class=\"title-14\"\/>\n<p class=\"p4\"><span class=\"s1\"><strong>E<\/strong><\/span><span class=\"s1\">n ce 22<sup>e<\/sup> vendredi du hirak \u00e0 Boumerd\u00e8s, le nombre de policiers \u00e9tait presque \u00e9gal \u00e0 celui des manifestants. Habituellement, les forces de l\u2019ordre se font tr\u00e8s discr\u00e8tes.<\/span><\/p>\n<p class=\"p4\"><span class=\"s1\">N\u00e9anmoins, depuis le 18<sup>e<\/sup> vendredi, elles sont d\u00e9ploy\u00e9es tout le long de l\u2019itin\u00e9raire emprunt\u00e9 par les marcheurs. Outre la chasse aux banderoles, les policiers confisquent toute pancarte portant des messages hostiles aux tenants du pouvoir. Hier, rares \u00e9taient les manifestants qui arboraient des affiches.<\/span><\/p>\n<p class=\"p4\"><span class=\"s1\">Pour d\u00e9noncer les atteintes \u00e0 la libert\u00e9 d\u2019expression, certains marcheurs ont brandi des affiches vierges. C\u2019est le cas de cette femme qui, la semaine pass\u00e9e, s\u2019\u00e9tait vue confisquer de mani\u00e8re muscl\u00e9e une pancarte r\u00e9clamant l\u2019instauration d\u2019un Etat civil et la lib\u00e9ration des d\u00e9tenus d\u2019opinion. <em>\u00abJ\u2019ai \u00e9t\u00e9 suivie par des policiers en civil et d\u00e8s que je me suis \u00e9loign\u00e9e de la foule, ils m\u2019ont arrach\u00e9 la pancarte\u00bb,<\/em> relate-t-elle. Malgr\u00e9 ces m\u00e9thodes r\u00e9pressives, la d\u00e9termination des manifestants reste intacte.<\/span><\/p>\n<p class=\"p4\"><span class=\"s1\">En ce 22<sup>e<\/sup> \u00e9pisode de la r\u00e9volte citoyenne, ils \u00e9taient des centaines \u00e0 battre le pav\u00e9 au chef-lieu de wilaya et dans les villes de Bordj Mena\u00efel et Dellys pour exiger le changement du syst\u00e8me politique. A Boumerd\u00e8s, bien que leur nombre soit moins important que celui des semaines pr\u00e9c\u00e9dentes, les marcheurs, dont des femmes et des personnes du 3<sup>e<\/sup> \u00e2ge, ont d\u00e9fi\u00e9 la chaleur et scand\u00e9 des slogans r\u00e9clamant le d\u00e9part de Ga\u00efd Salah, Bensalah et Bedoui.<\/span><\/p>\n<p class=\"p4\"><span class=\"s1\"><em>\u00abDites-leur qu\u2019ils ne vont pas nous tromper par le foot\u00bb, \u00abPas d\u2019\u00e9lections avec les gangs\u00bb, \u00abDaoula madabia machi askaria\u00bb, \u00abY en marre des g\u00e9n\u00e9raux\u00bb, \u00abOn ne veut pas d\u2019un pouvoir militaire \u00e0 nouveau\u00bb,<\/em> ont-ils r\u00e9p\u00e9t\u00e9. Un jeune a exhib\u00e9 une pancarte demandant \u00e0 Bensalah de rester en Egypte. De l\u2019autre c\u00f4t\u00e9 de l\u2019affiche, il rappelle que le foot n\u2019est qu\u2019un jeu de divertissement et que l\u2019essentiel est de sauver la patrie.<\/span><\/p>\n<p class=\"p4\"><span class=\"s1\">La marche a d\u00e9marr\u00e9 comme d\u2019habitude de la place Madaure avant de grossir en cours de route. Arm\u00e9s de b\u00e2ton, des dizaines de policiers ont march\u00e9 avec et derri\u00e8re la foule. Cette fois, la circulation n\u2019a pas \u00e9t\u00e9 d\u00e9vi\u00e9e du parcours des manifestants. Un parcours jug\u00e9 tr\u00e8s long et que d\u2019aucuns souhaitent le changement.<\/span><\/p>\n<p class=\"p4\"><span class=\"s1\"><em>\u00abOn marche plus de 5 kilom\u00e8tres, c\u2019est pour \u00e7a qu\u2019il y a moins de monde. Au lieu de faire le d\u00e9tour des cit\u00e9s des 800 Logements et des coop\u00e9ratives, il serait pr\u00e9f\u00e9rable d\u2019emprunter le boulevard de l\u2019ind\u00e9pendance et celui longeant l\u2019IAP et rallier la cour de justice, point de convergence de tous les manifestants\u00bb,<\/em> pr\u00e9conise un citoyen.\u00a0<\/span><\/p>\n<p><span class=\"post-views-label\">Post Views:<\/span> <span class=\"post-views-count\">875<\/span><\/p>\n<p><br class=\"c5\"\/><\/p>\n<p>Auteur: Anis Khecheba<br \/>\n<a href=\"https:\/\/www.elwatan.com\/edition\/actualite\/boumerdes-plus-de-policiers-moins-de-manifestants-20-07-2019\">Cliquez ici pour lire l&rsquo;article depuis sa source.<\/a><\/p>\n","protected":false},"excerpt":{"rendered":"<p>En ce 22e vendredi du hirak \u00e0 Boumerd\u00e8s, le nombre de policiers \u00e9tait presque \u00e9gal \u00e0 celui des manifestants. Habituellement, les forces de l\u2019ordre se font tr\u00e8s discr\u00e8tes. N\u00e9anmoins, depuis le 18e vendredi, elles sont d\u00e9ploy\u00e9es tout le long de l\u2019itin\u00e9raire emprunt\u00e9 par les marcheurs. Outre la chasse aux banderoles, les policiers confisquent toute pancarte [&hellip;]<\/p>\n","protected":false},"author":1743,"featured_media":0,"comment_status":"closed","ping_status":"closed","sticky":false,"template":"","format":"standard","meta":{"fifu_image_url":"","fifu_image_alt":"","footnotes":""},"categories":[73,53],"tags":[],"class_list":["post-47449","post","type-post","status-publish","format-standard","hentry","category-actualite","category-algerie"],"_links":{"self":[{"href":"https:\/\/linitiative.ca\/International\/wp-json\/wp\/v2\/posts\/47449","targetHints":{"allow":["GET"]}}],"collection":[{"href":"https:\/\/linitiative.ca\/International\/wp-json\/wp\/v2\/posts"}],"about":[{"href":"https:\/\/linitiative.ca\/International\/wp-json\/wp\/v2\/types\/post"}],"author":[{"embeddable":true,"href":"https:\/\/linitiative.ca\/International\/wp-json\/wp\/v2\/users\/1743"}],"replies":[{"embeddable":true,"href":"https:\/\/linitiative.ca\/International\/wp-json\/wp\/v2\/comments?post=47449"}],"version-history":[{"count":0,"href":"https:\/\/linitiative.ca\/International\/wp-json\/wp\/v2\/posts\/47449\/revisions"}],"wp:attachment":[{"href":"https:\/\/linitiative.ca\/International\/wp-json\/wp\/v2\/media?parent=47449"}],"wp:term":[{"taxonomy":"category","embeddable":true,"href":"https:\/\/linitiative.ca\/International\/wp-json\/wp\/v2\/categories?post=47449"},{"taxonomy":"post_tag","embeddable":true,"href":"https:\/\/linitiative.ca\/International\/wp-json\/wp\/v2\/tags?post=47449"}],"curies":[{"name":"wp","href":"https:\/\/api.w.org\/{rel}","templated":true}]}}