{"id":47450,"date":"2019-07-20T07:43:57","date_gmt":"2019-07-20T11:43:57","guid":{"rendered":"https:\/\/linitiative.ca\/International\/azzedine-mihoubi-remplace-ouyahia-a-la-tete-du-rnd\/"},"modified":"2019-07-20T07:43:57","modified_gmt":"2019-07-20T11:43:57","slug":"azzedine-mihoubi-remplace-ouyahia-a-la-tete-du-rnd","status":"publish","type":"post","link":"https:\/\/linitiative.ca\/International\/azzedine-mihoubi-remplace-ouyahia-a-la-tete-du-rnd\/","title":{"rendered":"Azzedine Mihoubi remplace Ouyahia \u00e0 la t\u00eate du RND"},"content":{"rendered":"<h4 class=\"title-14\"\/>\n<div class=\"featured_image\"><img width=\"795\" height=\"600\" data-cfsrc=\"https:\/\/www.elwatan.com\/wp-content\/uploads\/2019\/07\/mihoubi-ph.jpg\" class=\"attachment-post-thumbnail size-post-thumbnail wp-post-image c2\" alt=\"\" srcset=\"https:\/\/www.elwatan.com\/wp-content\/uploads\/2019\/07\/mihoubi-ph.jpg 795w, https:\/\/www.elwatan.com\/wp-content\/uploads\/2019\/07\/mihoubi-ph-300x226.jpg 300w, https:\/\/www.elwatan.com\/wp-content\/uploads\/2019\/07\/mihoubi-ph-768x580.jpg 768w\" sizes=\"(max-width: 795px) 100vw, 795px\"\/><noscript><\/p>\n<p><img loading=\"lazy\" decoding=\"async\" width=\"795\" height=\"600\" src=\"https:\/\/www.elwatan.com\/wp-content\/uploads\/2019\/07\/mihoubi-ph.jpg\" class=\"attachment-post-thumbnail size-post-thumbnail wp-post-image\" alt=\"\" srcset=\"https:\/\/www.elwatan.com\/wp-content\/uploads\/2019\/07\/mihoubi-ph.jpg 795w, https:\/\/www.elwatan.com\/wp-content\/uploads\/2019\/07\/mihoubi-ph-300x226.jpg 300w, https:\/\/www.elwatan.com\/wp-content\/uploads\/2019\/07\/mihoubi-ph-768x580.jpg 768w\" sizes=\"auto, (max-width: 795px) 100vw, 795px\"\/><\/p>\n<p><\/noscript> <span class=\"featured-image-caption\">Azzedine Mihoubi SG par int\u00e9rim du RND. Photo : Ly\u00e8s H. El Watan<\/span><\/div>\n<p>Les membres du Conseil national du Rassemblement national (RND) ont pl\u00e9biscit\u00e9, lors d\u2019une session\u00a0\u00a0 extraordinaire, tenue samedi \u00e0 Alger, Azzedine Mihoubi secr\u00e9taire g\u00e9n\u00e9ral par int\u00e9rim du parti.<\/p>\n<p>Mihoubi remplace ainsi l\u2019ex-secr\u00e9taire g\u00e9n\u00e9ral du parti, Ahmed Ouyahia, actuellement en d\u00e9tention provisoire dans le cadre d\u2019enqu\u00eates sur des affaires de corruption.<\/p>\n<p>Pour rappel, le Bureau national du RND avait annonc\u00e9 que la session extraordinaire du Conseil, qui \u00e9tait pr\u00e9vue pour le 6 juillet dernier, avait \u00e9t\u00e9 report\u00e9e \u00e0 une date ult\u00e9rieure pour la bonne pr\u00e9paration de ses travaux.<\/p>\n<p><span class=\"post-views-label\">Post Views:<\/span> <span class=\"post-views-count\">1\u00a0807<\/span><\/p>\n<p><br class=\"c4\"\/><\/p>\n<p>Auteur: Farouk Djouadi<br \/>\n<a href=\"https:\/\/www.elwatan.com\/edition\/actualite\/azzedine-mihoubi-remplace-ouyahia-a-la-tete-du-rnd-20-07-2019\">Cliquez ici pour lire l&rsquo;article depuis sa source.<\/a><\/p>\n","protected":false},"excerpt":{"rendered":"<p>Azzedine Mihoubi SG par int\u00e9rim du RND. Photo : Ly\u00e8s H. El Watan Les membres du Conseil national du Rassemblement national (RND) ont pl\u00e9biscit\u00e9, lors d\u2019une session\u00a0\u00a0 extraordinaire, tenue samedi \u00e0 Alger, Azzedine Mihoubi secr\u00e9taire g\u00e9n\u00e9ral par int\u00e9rim du parti. Mihoubi remplace ainsi l\u2019ex-secr\u00e9taire g\u00e9n\u00e9ral du parti, Ahmed Ouyahia, actuellement en d\u00e9tention provisoire dans le [&hellip;]<\/p>\n","protected":false},"author":1743,"featured_media":47451,"comment_status":"closed","ping_status":"closed","sticky":false,"template":"","format":"standard","meta":{"fifu_image_url":"","fifu_image_alt":"","footnotes":""},"categories":[73,53],"tags":[],"class_list":["post-47450","post","type-post","status-publish","format-standard","has-post-thumbnail","hentry","category-actualite","category-algerie"],"_links":{"self":[{"href":"https:\/\/linitiative.ca\/International\/wp-json\/wp\/v2\/posts\/47450","targetHints":{"allow":["GET"]}}],"collection":[{"href":"https:\/\/linitiative.ca\/International\/wp-json\/wp\/v2\/posts"}],"about":[{"href":"https:\/\/linitiative.ca\/International\/wp-json\/wp\/v2\/types\/post"}],"author":[{"embeddable":true,"href":"https:\/\/linitiative.ca\/International\/wp-json\/wp\/v2\/users\/1743"}],"replies":[{"embeddable":true,"href":"https:\/\/linitiative.ca\/International\/wp-json\/wp\/v2\/comments?post=47450"}],"version-history":[{"count":0,"href":"https:\/\/linitiative.ca\/International\/wp-json\/wp\/v2\/posts\/47450\/revisions"}],"wp:featuredmedia":[{"embeddable":true,"href":"https:\/\/linitiative.ca\/International\/wp-json\/"}],"wp:attachment":[{"href":"https:\/\/linitiative.ca\/International\/wp-json\/wp\/v2\/media?parent=47450"}],"wp:term":[{"taxonomy":"category","embeddable":true,"href":"https:\/\/linitiative.ca\/International\/wp-json\/wp\/v2\/categories?post=47450"},{"taxonomy":"post_tag","embeddable":true,"href":"https:\/\/linitiative.ca\/International\/wp-json\/wp\/v2\/tags?post=47450"}],"curies":[{"name":"wp","href":"https:\/\/api.w.org\/{rel}","templated":true}]}}