{"id":47452,"date":"2019-07-20T08:51:10","date_gmt":"2019-07-20T12:51:10","guid":{"rendered":"https:\/\/linitiative.ca\/International\/hadj-ghermoul-purge-sa-peine\/"},"modified":"2019-07-20T08:51:10","modified_gmt":"2019-07-20T12:51:10","slug":"hadj-ghermoul-purge-sa-peine","status":"publish","type":"post","link":"https:\/\/linitiative.ca\/International\/hadj-ghermoul-purge-sa-peine\/","title":{"rendered":"Hadj Ghermoul purge sa peine"},"content":{"rendered":"<h4 class=\"title-14\"\/>\n<div class=\"featured_image\"><img width=\"520\" height=\"469\" data-cfsrc=\"https:\/\/www.elwatan.com\/wp-content\/uploads\/2019\/07\/Hadj-Ghermoul-\u00e0-droit-et-Kada-rezouane-\u00e0-gauche.jpg\" class=\"attachment-post-thumbnail size-post-thumbnail wp-post-image c2\" alt=\"\" srcset=\"https:\/\/www.elwatan.com\/wp-content\/uploads\/2019\/07\/Hadj-Ghermoul-\u00e0-droit-et-Kada-rezouane-\u00e0-gauche.jpg 520w, https:\/\/www.elwatan.com\/wp-content\/uploads\/2019\/07\/Hadj-Ghermoul-\u00e0-droit-et-Kada-rezouane-\u00e0-gauche-300x271.jpg 300w\" sizes=\"(max-width: 520px) 100vw, 520px\"\/><noscript><\/p>\n<p><img loading=\"lazy\" decoding=\"async\" width=\"520\" height=\"469\" src=\"https:\/\/www.elwatan.com\/wp-content\/uploads\/2019\/07\/Hadj-Ghermoul-%C3%A0-droit-et-Kada-rezouane-%C3%A0-gauche.jpg\" class=\"attachment-post-thumbnail size-post-thumbnail wp-post-image\" alt=\"\" srcset=\"https:\/\/www.elwatan.com\/wp-content\/uploads\/2019\/07\/Hadj-Ghermoul-\u00e0-droit-et-Kada-rezouane-\u00e0-gauche.jpg 520w, https:\/\/www.elwatan.com\/wp-content\/uploads\/2019\/07\/Hadj-Ghermoul-\u00e0-droit-et-Kada-rezouane-\u00e0-gauche-300x271.jpg 300w\" sizes=\"auto, (max-width: 520px) 100vw, 520px\"\/><\/p>\n<p><\/noscript><\/div>\n<p><strong>En prison depuis le 29 janvier 2019, l\u2019activiste politique et d\u00e9fenseur des droits de l\u2019Homme, Hadj Ghermoul, r\u00e9sidant la localit\u00e9 de Tizi, \u00e0 10 de Mascara, a purg\u00e9, aujourd\u2019hui samedi, sa peine de 172 jours.<\/strong> <strong>Hadj Ghermoul, d\u00e9tenu d\u2019opinion, \u00e2g\u00e9 de 37 ans, p\u00e8re de deux enfants, Zakaria et Slimane, \u00e9tait incarc\u00e9r\u00e9 dans la prison de Sidi M\u2019hamed, \u00e0 Mascara, avant d\u2019\u00eatre transf\u00e9r\u00e9, le 12 mai dernier, \u00e0 la prison de Ain El Hadjar, \u00e0 Saida.<\/strong><\/p>\n<p><span class=\"c8\">Il avait \u00e9t\u00e9 condamn\u00e9, le 7 f\u00e9vrier dernier, par le tribunal de Mascara \u00e0\u00a0<\/span><a href=\"https:\/\/www.elwatan.com\/edition\/actualite\/condamne-a-6-mois-de-prison-ferme-depuis-janvier-dernier-a-mascara-hadj-ghermoul-transfere-a-saida-16-05-2019\"><span class=\"c8\">six mois de prison ferme et 300 000 DA d\u2019amende\u00a0<\/span><\/a><span class=\"c8\">\u00a0pour \u00ab<\/span><em><span class=\"c8\">outrage \u00e0 corps constitu\u00e9<\/span><\/em><span class=\"c8\">\u00bb et \u00ab<\/span><em><span class=\"c8\">d\u00e9lit d\u2019ivresse publique<\/span><\/em><span class=\"c8\">\u00bb. Un jugement qui a \u00e9t\u00e9 confirm\u00e9 le 13 mars la juge de la Cour de Mascara. Depuis son incarc\u00e9ration, les appels des organisations de d\u00e9fense des droits de l\u2019homme et des milliers de citoyens pour sa lib\u00e9ration n\u2019ont pas \u00e9t\u00e9 entendus.\u00a0<\/span><\/p>\n<p><span class=\"c8\">\u00ab<\/span><em><span class=\"c8\">Depuis le d\u00e9but du Hirak (le mouvement populaire), le 22 f\u00e9vrier pass\u00e9, nous avons organis\u00e9s des sit-in et des marches \u00e0 Alger, Mascara, Oran et autres wilaya pour demander sa lib\u00e9ration, en vain.<\/span><\/em><span class=\"c8\">\u00bb, nous dira Kada Rezouane, un jeune blogueur condamn\u00e9 lui aussi \u00e0 payer plus de 110 millions de centimes pour des affaires d\u2019\u00ab<\/span><em><span class=\"c8\">offense au pr\u00e9sident de la R\u00e9publique.<\/span><\/em><span class=\"c8\">\u00bb Son p\u00e8re, Abdelkader, \u00e2g\u00e9 de 67 ans, le consid\u00e8re comme \u00ab<\/span><em><span class=\"c8\">l\u2019un des tout premiers \u00e0 s\u2019\u00eatre \u00e9lev\u00e9 contre le 5<\/span><\/em><em><span class=\"c8\">e<\/span><\/em> <em><span class=\"c8\">mandat de l\u2019ex-pr\u00e9sident Bouteflika.<\/span><\/em><span class=\"c8\">\u00bb<\/span><\/p>\n<p><span class=\"c8\">Le jeune militants de<\/span> <span class=\"c8\">la Coordination nationale pour la d\u00e9fense des droits des ch\u00f4meurs (CNDDC), a \u00e9t\u00e9 incarc\u00e9r\u00e9, rappelons-le, dans la maison d\u2019arr\u00eat de Sidi M\u2019hamed de Mascara le jour de sa comparution imm\u00e9diate devant le tribunal de Mascara, le 29 janvier 2019, c\u2019est-\u00e0-dire trois jours seulement apr\u00e8s avoir pour exprim\u00e9 son refus au cinqui\u00e8me mandat de l\u2019ex-pr\u00e9sident Abdelaziz Bouteflika.\u00a0<\/span><\/p>\n<p><span class=\"c8\">Selon son ami Kada, tout \u00e0 commenc\u00e9 le 26 janvier matin. Ce jour-ci Ghermoul a d\u00e9cid\u00e9 d\u2019exprimer son opinion sur le sujet de la candidature de Abdelaziz Bouteflika \u00e0 un cinqui\u00e8me mandat. \u00ab<\/span><em><span class=\"c8\">Il \u00e9tait 10h quand Hadj m\u2019a demand\u00e9 une bombe de peinture de couleur rouge. Dans son local commercial presque vide, situ\u00e9 au march\u00e9 des fruits et l\u00e9gumes \u00e0 Tizi, il \u00e9crit sur un carton de grand format, en langue arabe\u00a0: Non au 5<\/span><\/em><em><span class=\"c8\">\u00e8<\/span><\/em> <em><span class=\"c8\">mandat<\/span><\/em><span class=\"c8\">\u00bb, t\u00e9moigne Kada qui ne tarde pas \u00e0 diffuser la photo sur sa page Facebook.\u00a0<\/span><\/p>\n<p><span class=\"c8\">\u00ab<\/span><em><span class=\"c8\">J\u2019ai demand\u00e9 \u00e0 Hadj Ghermoul de ne pas publier la photo sur sa page Facebook. Il \u00e9tait en sursis pour deux anciennes affaires d\u2019outrage \u00e0 un agent de l\u2019ordre public<\/span><\/em><span class=\"c8\">\u00bb, a enchain\u00e9 notre interlocuteur. Deux jours apr\u00e8s, \u00ab<\/span><em><span class=\"c8\">Ghermoul, qui traversait une p\u00e9nible p\u00e9riode \u00e0 cause d\u2019un probl\u00e8me familial, me confie sa peur d\u2019un avenir incertain<\/span><\/em><span class=\"c8\">\u00bb, dira Kada d\u2019une voix grave. Le soir, vers 20h30, Ghermoul f\u00fbt arr\u00eat\u00e9 par des policiers et embarqu\u00e9 au commissariat de Tizi.\u00a0<\/span><\/p>\n<p><span class=\"c8\">Le vendredi 1<\/span><span class=\"c8\">er<\/span> <span class=\"c8\">f\u00e9vrier, un communiqu\u00e9 de la S\u00fbret\u00e9 de wilaya de Mascara adress\u00e9 \u00e0 notre r\u00e9daction, sans citer l\u2019identit\u00e9 du jeune Hadj Ghermoul, annonce l\u2019arrestation d\u2019un jeune \u00e0 Tizi. Le r\u00e9dacteur dudit communiqu\u00e9 a \u00e9crit\u00a0: \u00ab<\/span><em><span class=\"c8\">Les \u00e9l\u00e9ments de la brigade de police judiciaire relevant de la suret\u00e9 de da\u00efra de Tizi\u00a0\u00e0 Mascara ont arr\u00eat\u00e9 un individu \u00e2g\u00e9 de 37 ans pour outrage \u00e0 corps constitu\u00e9, et ce lors de patrouilles de s\u00e9curit\u00e9 nocturnes effectu\u00e9es par les policiers \u00e0 travers les rue de la ville de Sig. L\u2019attention des policiers a \u00e9t\u00e9 attir\u00e9e par un individu causant un tapage. Une fois approch\u00e9, il s\u2019est av\u00e9r\u00e9 que l\u2019individu en question se trouvait dans un \u00e9tat d\u2019\u00e9bri\u00e9t\u00e9 tr\u00e8s avanc\u00e9. Il a prof\u00e9r\u00e9 des propos vulgaires \u00e0 l\u2019encontre des \u00e9l\u00e9ments de la police. Le mis en cause a \u00e9t\u00e9 pr\u00e9sent\u00e9 devant la justice qui a ordonn\u00e9 son placement en d\u00e9tention.<\/span><\/em><span class=\"c8\">\u00bb<\/span><\/p>\n<p><span class=\"c8\">Des proches et le p\u00e8re de Hadj Ghermoul rejettent en bloc la version de la police.<\/span> <span class=\"c8\">\u00ab<\/span><em><span class=\"c8\">Mon fils a \u00e9t\u00e9 victime d\u2019intimidation de la part de la police visant \u00e0 mettre un terme \u00e0 son activit\u00e9 militante<\/span><\/em><span class=\"c8\">\u00bb, bous disait son p\u00e8re.\u00a0<\/span><\/p>\n<p><span class=\"post-views-label\">Post Views:<\/span> <span class=\"post-views-count\">1\u00a0824<\/span><\/p>\n<p><br class=\"c4\"\/><\/p>\n<p>Auteur: Farouk Djouadi<br \/>\n<a href=\"https:\/\/www.elwatan.com\/edition\/actualite\/hadj-ghermoul-remis-en-liberte-20-07-2019\">Cliquez ici pour lire l&rsquo;article depuis sa source.<\/a><\/p>\n","protected":false},"excerpt":{"rendered":"<p>En prison depuis le 29 janvier 2019, l\u2019activiste politique et d\u00e9fenseur des droits de l\u2019Homme, Hadj Ghermoul, r\u00e9sidant la localit\u00e9 de Tizi, \u00e0 10 de Mascara, a purg\u00e9, aujourd\u2019hui samedi, sa peine de 172 jours. Hadj Ghermoul, d\u00e9tenu d\u2019opinion, \u00e2g\u00e9 de 37 ans, p\u00e8re de deux enfants, Zakaria et Slimane, \u00e9tait incarc\u00e9r\u00e9 dans la prison [&hellip;]<\/p>\n","protected":false},"author":1743,"featured_media":47453,"comment_status":"closed","ping_status":"closed","sticky":false,"template":"","format":"standard","meta":{"fifu_image_url":"","fifu_image_alt":"","footnotes":""},"categories":[73,53],"tags":[],"class_list":["post-47452","post","type-post","status-publish","format-standard","has-post-thumbnail","hentry","category-actualite","category-algerie"],"_links":{"self":[{"href":"https:\/\/linitiative.ca\/International\/wp-json\/wp\/v2\/posts\/47452","targetHints":{"allow":["GET"]}}],"collection":[{"href":"https:\/\/linitiative.ca\/International\/wp-json\/wp\/v2\/posts"}],"about":[{"href":"https:\/\/linitiative.ca\/International\/wp-json\/wp\/v2\/types\/post"}],"author":[{"embeddable":true,"href":"https:\/\/linitiative.ca\/International\/wp-json\/wp\/v2\/users\/1743"}],"replies":[{"embeddable":true,"href":"https:\/\/linitiative.ca\/International\/wp-json\/wp\/v2\/comments?post=47452"}],"version-history":[{"count":0,"href":"https:\/\/linitiative.ca\/International\/wp-json\/wp\/v2\/posts\/47452\/revisions"}],"wp:featuredmedia":[{"embeddable":true,"href":"https:\/\/linitiative.ca\/International\/wp-json\/"}],"wp:attachment":[{"href":"https:\/\/linitiative.ca\/International\/wp-json\/wp\/v2\/media?parent=47452"}],"wp:term":[{"taxonomy":"category","embeddable":true,"href":"https:\/\/linitiative.ca\/International\/wp-json\/wp\/v2\/categories?post=47452"},{"taxonomy":"post_tag","embeddable":true,"href":"https:\/\/linitiative.ca\/International\/wp-json\/wp\/v2\/tags?post=47452"}],"curies":[{"name":"wp","href":"https:\/\/api.w.org\/{rel}","templated":true}]}}