{"id":47454,"date":"2019-07-20T10:09:56","date_gmt":"2019-07-20T14:09:56","guid":{"rendered":"https:\/\/linitiative.ca\/International\/un-petrolier-de-sonatrach-contraint-de-se-diriger-vers-les-eaux-territoriales-iraniennes\/"},"modified":"2019-07-20T10:09:56","modified_gmt":"2019-07-20T14:09:56","slug":"un-petrolier-de-sonatrach-contraint-de-se-diriger-vers-les-eaux-territoriales-iraniennes","status":"publish","type":"post","link":"https:\/\/linitiative.ca\/International\/un-petrolier-de-sonatrach-contraint-de-se-diriger-vers-les-eaux-territoriales-iraniennes\/","title":{"rendered":"Un p\u00e9trolier de Sonatrach contraint de se diriger vers les eaux territoriales iraniennes"},"content":{"rendered":"<h4 class=\"title-14\"\/>\n<p>Le p\u00e9trolier \u00ab\u00a0MESDAR\u00a0\u00bb appartenant \u00e0 Sonatrach, a \u00e9t\u00e9 contraint vendredi de mettre le cap vers les eaux territoriales iraniennes, par les garde-c\u00f4tes de la marine iranienne, au moment o\u00f9 il traversait le d\u00e9troit d\u2019Ormuz, a annonc\u00e9 samedi la compagnie nationale des hydrocarbures.<\/p>\n<p>\u00ab\u00a0Le vendredi 19 juillet 2019, \u00e0 19H30 heure alg\u00e9rienne, le p\u00e9trolier MESDAR, de 2.000. 000 de barils de capacit\u00e9, propri\u00e9t\u00e9 de Sonatrach, a \u00e9t\u00e9 contraint de mettre le cap vers les eaux territoriales des c\u00f4tes iraniennes, par les garde-c\u00f4tes de la marine iranienne, au moment o\u00f9 il traversait le d\u00e9troit d\u2019Ormuz\u00a0\u00bb, a expliqu\u00e9 la m\u00eame source dans un communiqu\u00e9.<\/p>\n<p>\u00ab\u00a0Le navire se dirigeait, en fait, vers Tanura pour charger du p\u00e9trole brut pour le compte de la compagnie chinoise UNIPEC\u00a0\u00bb, a-t-on ajout\u00e9.<\/p>\n<p>A cet effet, une cellule de suivi a \u00e9t\u00e9 imm\u00e9diatement mise en place entre les d\u00e9partements minist\u00e9riels de l\u2019Energie et des Affaires \u00e9trang\u00e8res, jusqu\u2019au d\u00e9nouement de cette affaire \u00e0 20H45, a fait savoir Sonatrach, pr\u00e9cisant qu&rsquo;\u00a0\u00bbaucun incident humain ou mat\u00e9riel n\u2019a \u00e9t\u00e9 enregistr\u00e9\u00a0\u00bb.<\/p>\n<p><span class=\"post-views-label\">Post Views:<\/span> <span class=\"post-views-count\">1\u00a0712<\/span><\/p>\n<p><br class=\"c4\"\/><\/p>\n<p>Auteur: Farouk Djouadi<br \/>\n<a href=\"https:\/\/www.elwatan.com\/edition\/actualite\/un-petrolier-de-sonatrach-contraint-de-se-diriger-vers-les-eaux-territoriales-iraniennes-20-07-2019\">Cliquez ici pour lire l&rsquo;article depuis sa source.<\/a><\/p>\n","protected":false},"excerpt":{"rendered":"<p>Le p\u00e9trolier \u00ab\u00a0MESDAR\u00a0\u00bb appartenant \u00e0 Sonatrach, a \u00e9t\u00e9 contraint vendredi de mettre le cap vers les eaux territoriales iraniennes, par les garde-c\u00f4tes de la marine iranienne, au moment o\u00f9 il traversait le d\u00e9troit d\u2019Ormuz, a annonc\u00e9 samedi la compagnie nationale des hydrocarbures. \u00ab\u00a0Le vendredi 19 juillet 2019, \u00e0 19H30 heure alg\u00e9rienne, le p\u00e9trolier MESDAR, de [&hellip;]<\/p>\n","protected":false},"author":1743,"featured_media":0,"comment_status":"closed","ping_status":"closed","sticky":false,"template":"","format":"standard","meta":{"fifu_image_url":"","fifu_image_alt":"","footnotes":""},"categories":[73,53],"tags":[],"class_list":["post-47454","post","type-post","status-publish","format-standard","hentry","category-actualite","category-algerie"],"_links":{"self":[{"href":"https:\/\/linitiative.ca\/International\/wp-json\/wp\/v2\/posts\/47454","targetHints":{"allow":["GET"]}}],"collection":[{"href":"https:\/\/linitiative.ca\/International\/wp-json\/wp\/v2\/posts"}],"about":[{"href":"https:\/\/linitiative.ca\/International\/wp-json\/wp\/v2\/types\/post"}],"author":[{"embeddable":true,"href":"https:\/\/linitiative.ca\/International\/wp-json\/wp\/v2\/users\/1743"}],"replies":[{"embeddable":true,"href":"https:\/\/linitiative.ca\/International\/wp-json\/wp\/v2\/comments?post=47454"}],"version-history":[{"count":0,"href":"https:\/\/linitiative.ca\/International\/wp-json\/wp\/v2\/posts\/47454\/revisions"}],"wp:attachment":[{"href":"https:\/\/linitiative.ca\/International\/wp-json\/wp\/v2\/media?parent=47454"}],"wp:term":[{"taxonomy":"category","embeddable":true,"href":"https:\/\/linitiative.ca\/International\/wp-json\/wp\/v2\/categories?post=47454"},{"taxonomy":"post_tag","embeddable":true,"href":"https:\/\/linitiative.ca\/International\/wp-json\/wp\/v2\/tags?post=47454"}],"curies":[{"name":"wp","href":"https:\/\/api.w.org\/{rel}","templated":true}]}}