{"id":47459,"date":"2019-07-20T05:24:00","date_gmt":"2019-07-20T09:24:00","guid":{"rendered":"https:\/\/linitiative.ca\/International\/en-toute-grandeur-el-djem-ouvre-son-festival-sur-les-airs-dopera-de-giacomo-puccini\/"},"modified":"2019-07-20T05:24:00","modified_gmt":"2019-07-20T09:24:00","slug":"en-toute-grandeur-el-djem-ouvre-son-festival-sur-les-airs-dopera-de-giacomo-puccini","status":"publish","type":"post","link":"https:\/\/linitiative.ca\/International\/en-toute-grandeur-el-djem-ouvre-son-festival-sur-les-airs-dopera-de-giacomo-puccini\/","title":{"rendered":"En toute grandeur, El Djem ouvre son festival sur les airs d\u2019op\u00e9ra de Giacomo Puccini"},"content":{"rendered":"<p>On ne pouvait pas mieux programmer.\u00a0C&rsquo;est un concert gala d\u00e9di\u00e9 aux plus beaux airs d\u2019op\u00e9ra de Giacomo Puccini qui a inaugur\u00e9 vendredi 5 juillet la 34\u00e8me \u00e9dition du Festival International de Musique Symphonique d\u2019El Djem, en pr\u00e9sence du ministre des Affaires Culturelles Mohamed Zine El Abidine et de l\u2019ambassadeur d\u2019Italie Lorenzo Fanara.\u2028<\/p>\n<p>Dans l\u2019amphith\u00e9\u00e2tre romain, connu comme le \u201cPetit Colys\u00e9e\u201d et d\u00e9clar\u00e9 patrimoine mondial de l\u2019Unesco en 1979, l\u2019Orchestra del Festival Puccini di Torre del Lago, dirig\u00e9e par le Maestro Alberto Veronesi, s\u2019est produite pour la premi\u00e8re fois en Tunisie. Dans une formation de 60 musiciens, il comprenait les sopranos Giovanna Casolla, Amarilli Nizza et Ivana Canovic, le baryton Michele Kalmandi et le t\u00e9nor tunisien Hamadi Lagha, un talent prometteur de la lirique en Tunisie, d\u00e9couvert gr\u00e2ce au Festival Puccini. Ce dernier est l\u2019unique\u00a0festival au monde d\u00e9di\u00e9 \u00e0 Puccini et se d\u00e9roule chaque \u00e9t\u00e9 \u00e0 Torre del Lago, derni\u00e8re r\u00e9sidence du grand compositeur toscan.\u00a0\u2028<\/p>\n<p class=\"c2\"><img loading=\"lazy\" decoding=\"async\" src=\"\/uploads\/FCK_files\/Eldjem2.jpg\" width=\"700\" height=\"427\" vspace=\"5\" hspace=\"5\" align=\"middle\" alt=\"\"\/><\/p>\n<p>L\u2019Orchestre a jou\u00e9 les plus c\u00e9l\u00e8bres airs de Madame Butterfly, Tosca, La Boh\u00e8me, Turandot et, comme bis, sur demande du public enthousiaste, les incontournables O\u2019 sole mio, Torna a Surriento, et pour conclure le Brindisi de la Traviata. Hors programme, en ouverture, le Maire de Florence, Dario Nardella, en visite institutionnelle \u00e0 Tunis, a interpr\u00e9t\u00e9 au violon le th\u00e8me principal de \u201cNuovo Cinema Paradiso\u201d de Morricone.\u00a0\u2028<\/p>\n<p class=\"c2\"><img loading=\"lazy\" decoding=\"async\" src=\"\/uploads\/FCK_files\/florence.jpg\" width=\"700\" height=\"427\" vspace=\"5\" hspace=\"5\" align=\"middle\" alt=\"\"\/><\/p>\n<p>L\u2019initiative a \u00e9t\u00e9 r\u00e9alis\u00e9e gr\u00e2ce au soutien de l\u2019Institut Culturel Italien, de la R\u00e9gion Toscane, du minist\u00e8re des Affaires culturelles, de l\u2019ambassade d\u2019Italie \u00e0 Tunis, de la Chambre Tuniso-Italienne de Commerce et d\u2019Industrie ainsi que de nombreuses entreprises italiennes.\u2028<\/p>\n<p class=\"c2\"><img loading=\"lazy\" decoding=\"async\" src=\"\/uploads\/FCK_files\/Eldjem3.jpg\" width=\"700\" height=\"427\" vspace=\"5\" hspace=\"5\" align=\"middle\" alt=\"\"\/><\/p>\n<p class=\"c2\"><img loading=\"lazy\" decoding=\"async\" src=\"\/uploads\/FCK_files\/Fanara2.jpg\" width=\"700\" height=\"379\" vspace=\"5\" hspace=\"5\" align=\"middle\" alt=\"\"\/><\/p>\n<p>L\u2019\u00e9v\u00e9nement d\u2019El Djem, fortement soutenu par l&rsquo;ambassadeur d&rsquo;Italie Lorenzo Fanara, s\u2019inscrit dans le projet de promotion et de valorisation de l\u2019Op\u00e9ra Italien, d\u00e9j\u00e0 promue depuis l\u2019ann\u00e9e derni\u00e8re par l\u2019Ambassade d\u2019Italie et l\u2019Institut Culturel Italien.\u2028 Le concert, transmis en direct par la t\u00e9l\u00e9vision nationale, s\u2019est d\u00e9roul\u00e9 \u00e0 guichets ferm\u00e9s devant un public pleinement satisfait.<\/p>\n<p>Auteur:<br \/>\n<a href=\"https:\/\/www.leaders.com.tn\/article\/27543-en-toute-grandeur-el-djem-ouvre-son-festival-sur-les-airs-d-opera-de-giacomo-puccini\">Cliquez ici pour lire l&rsquo;article depuis sa source.<\/a><\/p>\n","protected":false},"excerpt":{"rendered":"<p>On ne pouvait pas mieux programmer.\u00a0C&rsquo;est un concert gala d\u00e9di\u00e9 aux plus beaux airs d\u2019op\u00e9ra de Giacomo Puccini qui a inaugur\u00e9 vendredi 5 juillet la 34\u00e8me \u00e9dition du Festival International de Musique Symphonique d\u2019El Djem, en pr\u00e9sence du ministre des Affaires Culturelles Mohamed Zine El Abidine et de l\u2019ambassadeur d\u2019Italie Lorenzo Fanara.\u2028 Dans l\u2019amphith\u00e9\u00e2tre romain, [&hellip;]<\/p>\n","protected":false},"author":1772,"featured_media":47460,"comment_status":"closed","ping_status":"closed","sticky":false,"template":"","format":"standard","meta":{"fifu_image_url":"","fifu_image_alt":"","footnotes":""},"categories":[73,55],"tags":[],"class_list":["post-47459","post","type-post","status-publish","format-standard","has-post-thumbnail","hentry","category-actualite","category-tunisie"],"_links":{"self":[{"href":"https:\/\/linitiative.ca\/International\/wp-json\/wp\/v2\/posts\/47459","targetHints":{"allow":["GET"]}}],"collection":[{"href":"https:\/\/linitiative.ca\/International\/wp-json\/wp\/v2\/posts"}],"about":[{"href":"https:\/\/linitiative.ca\/International\/wp-json\/wp\/v2\/types\/post"}],"author":[{"embeddable":true,"href":"https:\/\/linitiative.ca\/International\/wp-json\/wp\/v2\/users\/1772"}],"replies":[{"embeddable":true,"href":"https:\/\/linitiative.ca\/International\/wp-json\/wp\/v2\/comments?post=47459"}],"version-history":[{"count":0,"href":"https:\/\/linitiative.ca\/International\/wp-json\/wp\/v2\/posts\/47459\/revisions"}],"wp:featuredmedia":[{"embeddable":true,"href":"https:\/\/linitiative.ca\/International\/wp-json\/"}],"wp:attachment":[{"href":"https:\/\/linitiative.ca\/International\/wp-json\/wp\/v2\/media?parent=47459"}],"wp:term":[{"taxonomy":"category","embeddable":true,"href":"https:\/\/linitiative.ca\/International\/wp-json\/wp\/v2\/categories?post=47459"},{"taxonomy":"post_tag","embeddable":true,"href":"https:\/\/linitiative.ca\/International\/wp-json\/wp\/v2\/tags?post=47459"}],"curies":[{"name":"wp","href":"https:\/\/api.w.org\/{rel}","templated":true}]}}