{"id":47463,"date":"2019-07-20T09:55:00","date_gmt":"2019-07-20T13:55:00","guid":{"rendered":"https:\/\/linitiative.ca\/International\/pourquoi-le-chef-de-letat-na-pas-paraphe-la-loi-electorale-amendee\/"},"modified":"2019-07-20T09:55:00","modified_gmt":"2019-07-20T13:55:00","slug":"pourquoi-le-chef-de-letat-na-pas-paraphe-la-loi-electorale-amendee","status":"publish","type":"post","link":"https:\/\/linitiative.ca\/International\/pourquoi-le-chef-de-letat-na-pas-paraphe-la-loi-electorale-amendee\/","title":{"rendered":"Pourquoi le chef de l&rsquo;Etat n&rsquo;a pas paraph\u00e9 la loi \u00e9lectorale amend\u00e9e"},"content":{"rendered":"<p class=\"MsoNormal\">Paraphera, paraphera pas. Le suspense aura dur\u00e9 jusqu\u2019au bout, autrement dit, jusqu \u00e0 l\u2019expiration des d\u00e9lais pr\u00e9vus par la constitution, en l&rsquo;occurrence vendredi z\u00e9ro heure. Le pr\u00e9sident de la R\u00e9publique n&rsquo;a finalement pas paraph\u00e9 la loi \u00e9lectorale amend\u00e9e.<\/p>\n<p class=\"MsoNormal\">On s&rsquo;y attendait un peu apr\u00e8s l\u2019intervention, vendredi soir, de Hafedh Ca\u00efed Essebsi \u00e0 El hiwar ettounsi qui avait d\u00e9clar\u00e9 que le pr\u00e9sident de la R\u00e9publique \u00e9tait d\u00e9cid\u00e9 de ne rien faire qui risque de diviser les Tunisiens. Selon son fils, le chef de l&rsquo;Etat s&rsquo;adressera \u00e0 la nation incessamment pour expliquer son geste.\u00a0 Mais d&rsquo;ores et d\u00e9j\u00e0, la pol\u00e9mique entre constitutionnalistes ne fait que monter, chacun y allant de ses arguments pour d\u00e9montrer le bien ou le mal fond\u00e9 de cette d\u00e9cision.<\/p>\n<p class=\"MsoNormal\">Mais ce qui est s\u00fbr pour le moment, c&rsquo;est que\u00a0 l&rsquo;Isie appliquera la loi \u00e9lectorale non amend\u00e9e, faute de publication du texte amend\u00e9\u00a0 dans le journal officiel.<\/p>\n<p>Auteur:<br \/>\n<a href=\"https:\/\/www.leaders.com.tn\/article\/27544-apres-mure-reflexion-le-president-de-la-republique-n-a-pas-ratifie-la-loi-electorale\">Cliquez ici pour lire l&rsquo;article depuis sa source.<\/a><\/p>\n","protected":false},"excerpt":{"rendered":"<p>Paraphera, paraphera pas. Le suspense aura dur\u00e9 jusqu\u2019au bout, autrement dit, jusqu \u00e0 l\u2019expiration des d\u00e9lais pr\u00e9vus par la constitution, en l&rsquo;occurrence vendredi z\u00e9ro heure. Le pr\u00e9sident de la R\u00e9publique n&rsquo;a finalement pas paraph\u00e9 la loi \u00e9lectorale amend\u00e9e. On s&rsquo;y attendait un peu apr\u00e8s l\u2019intervention, vendredi soir, de Hafedh Ca\u00efed Essebsi \u00e0 El hiwar ettounsi [&hellip;]<\/p>\n","protected":false},"author":1772,"featured_media":0,"comment_status":"closed","ping_status":"closed","sticky":false,"template":"","format":"standard","meta":{"fifu_image_url":"","fifu_image_alt":"","footnotes":""},"categories":[73,55],"tags":[],"class_list":["post-47463","post","type-post","status-publish","format-standard","hentry","category-actualite","category-tunisie"],"_links":{"self":[{"href":"https:\/\/linitiative.ca\/International\/wp-json\/wp\/v2\/posts\/47463","targetHints":{"allow":["GET"]}}],"collection":[{"href":"https:\/\/linitiative.ca\/International\/wp-json\/wp\/v2\/posts"}],"about":[{"href":"https:\/\/linitiative.ca\/International\/wp-json\/wp\/v2\/types\/post"}],"author":[{"embeddable":true,"href":"https:\/\/linitiative.ca\/International\/wp-json\/wp\/v2\/users\/1772"}],"replies":[{"embeddable":true,"href":"https:\/\/linitiative.ca\/International\/wp-json\/wp\/v2\/comments?post=47463"}],"version-history":[{"count":0,"href":"https:\/\/linitiative.ca\/International\/wp-json\/wp\/v2\/posts\/47463\/revisions"}],"wp:attachment":[{"href":"https:\/\/linitiative.ca\/International\/wp-json\/wp\/v2\/media?parent=47463"}],"wp:term":[{"taxonomy":"category","embeddable":true,"href":"https:\/\/linitiative.ca\/International\/wp-json\/wp\/v2\/categories?post=47463"},{"taxonomy":"post_tag","embeddable":true,"href":"https:\/\/linitiative.ca\/International\/wp-json\/wp\/v2\/tags?post=47463"}],"curies":[{"name":"wp","href":"https:\/\/api.w.org\/{rel}","templated":true}]}}