{"id":47464,"date":"2019-07-20T11:51:00","date_gmt":"2019-07-20T15:51:00","guid":{"rendered":"https:\/\/linitiative.ca\/International\/preoccupe-par-la-non-promulgation-de-la-loi-dexclusion-ennadhda-appelle-a-de-larges-concertations-au-bardo\/"},"modified":"2019-07-20T11:51:00","modified_gmt":"2019-07-20T15:51:00","slug":"preoccupe-par-la-non-promulgation-de-la-loi-dexclusion-ennadhda-appelle-a-de-larges-concertations-au-bardo","status":"publish","type":"post","link":"https:\/\/linitiative.ca\/International\/preoccupe-par-la-non-promulgation-de-la-loi-dexclusion-ennadhda-appelle-a-de-larges-concertations-au-bardo\/","title":{"rendered":"\u00ab Pr\u00e9occup\u00e9 \u00bb par la non-promulgation de la \u00ab\u00a0loi d\u2019exclusion\u00a0\u00bb, Ennadhda appelle \u00e0 de larges concertations au Bardo"},"content":{"rendered":"<p>Blocage, d\u00e9blocage! Le parti islamiste Ennahdha s\u2019est d\u00e9clar\u00e9 \u00ab\u00a0pr\u00e9occup\u00e9\u00a0\u00bb par la non-promulgation de loi organique portant r\u00e9vision de la loi \u00e9lectorale. R\u00e9uni jeudi soir sous la pr\u00e9sidence de Rached Ghannouchi, lors d\u2019une session marathon qui s\u2019est prolong\u00e9e jusqu\u2019\u00e0 5 heures du matin, le bureau ex\u00e9cutif a appel\u00e9 l\u2019ensemble des groupes parlementaires ainsi que les partis repr\u00e9sent\u00e9s \u00e0 l\u2019AP \u00e0 \u00ab\u00a0se r\u00e9unir d\u2019urgence pour se concerter au sujet de cette situation et de ses cons\u00e9quences\u00a0\u00bb, selon <a href=\"http:\/\/www.ennahdha.tn\/%D8%A8%D9%8A%D8%A7%D9%86-%D8%A7%D9%84%D9%85%D9%83%D8%AA%D8%A8-%D8%A7%D9%84%D8%AA%D9%86%D9%81%D9%8A%D8%B0%D9%8A-%D9%84%D8%AD%D8%B1%D9%83%D8%A9-%D8%A7%D9%84%D9%86%D9%87%D8%B6%D8%A9-43?fbclid=IwAR0zSU63KD8rF8KxOGjGQV4rAQUXKg1Spaw4oXgteqV_OfcKueIe8dtLWNE\">un communiqu\u00e9 de Montplaisir<\/a>. Il les invite \u00e0 \u00ab\u00a0convenir des dispositions appropri\u00e9es pour s\u2019en sortir.\u00a0\u00bb<br \/>A d\u00e9coder.<\/p>\n<p>A noter que Noureddine Ben Ticha, Conseiller principal aupr\u00e8s du Pr\u00e9sident de la R\u00e9publique a confirm\u00e9, samedi sur Mosa\u00efque FM que la loi vot\u00e9e par l\u2019ARP, n\u2019a pas \u00e9t\u00e9 promulgu\u00e9e, soulignant que le chef de l\u2019Etat s\u2019adressera en temps opportun \u00e0 la nation\u2026<\/p>\n<p>De son c\u00f4t\u00e9, Hafedh Ca\u00efd Essebsi avait affirm\u00e9 vendredi en d\u00e9but de soir\u00e9e sur Al Hiwar Ettounsi, que le pr\u00e9sident de la R\u00e9publique n\u2019accepte gu\u00e8re la moindre pression exerc\u00e9e sur lui, et qu\u2019il expliquera sa d\u00e9cision (sans la r\u00e9v\u00e9ler totalement) au peuple tunisien. Au passage, il a rappel\u00e9 en un clin d\u2019oeil que le pr\u00e9sident Ca\u00efd Essebsi a toujours eu comme principe de s\u2019opposer \u00e0 toute exclusion de la vie politique.<br \/>\u00a0<\/p>\n<p>Auteur:<br \/>\n<a href=\"https:\/\/www.leaders.com.tn\/article\/27545-preoccupee-par-la-non-promulgation-de-la-loi-d-exclusion-ennadhda-appelle-a-de-larges-concertations-au-bardo\">Cliquez ici pour lire l&rsquo;article depuis sa source.<\/a><\/p>\n","protected":false},"excerpt":{"rendered":"<p>Blocage, d\u00e9blocage! Le parti islamiste Ennahdha s\u2019est d\u00e9clar\u00e9 \u00ab\u00a0pr\u00e9occup\u00e9\u00a0\u00bb par la non-promulgation de loi organique portant r\u00e9vision de la loi \u00e9lectorale. R\u00e9uni jeudi soir sous la pr\u00e9sidence de Rached Ghannouchi, lors d\u2019une session marathon qui s\u2019est prolong\u00e9e jusqu\u2019\u00e0 5 heures du matin, le bureau ex\u00e9cutif a appel\u00e9 l\u2019ensemble des groupes parlementaires ainsi que les partis [&hellip;]<\/p>\n","protected":false},"author":1772,"featured_media":0,"comment_status":"closed","ping_status":"closed","sticky":false,"template":"","format":"standard","meta":{"fifu_image_url":"","fifu_image_alt":"","footnotes":""},"categories":[73,55],"tags":[],"class_list":["post-47464","post","type-post","status-publish","format-standard","hentry","category-actualite","category-tunisie"],"_links":{"self":[{"href":"https:\/\/linitiative.ca\/International\/wp-json\/wp\/v2\/posts\/47464","targetHints":{"allow":["GET"]}}],"collection":[{"href":"https:\/\/linitiative.ca\/International\/wp-json\/wp\/v2\/posts"}],"about":[{"href":"https:\/\/linitiative.ca\/International\/wp-json\/wp\/v2\/types\/post"}],"author":[{"embeddable":true,"href":"https:\/\/linitiative.ca\/International\/wp-json\/wp\/v2\/users\/1772"}],"replies":[{"embeddable":true,"href":"https:\/\/linitiative.ca\/International\/wp-json\/wp\/v2\/comments?post=47464"}],"version-history":[{"count":0,"href":"https:\/\/linitiative.ca\/International\/wp-json\/wp\/v2\/posts\/47464\/revisions"}],"wp:attachment":[{"href":"https:\/\/linitiative.ca\/International\/wp-json\/wp\/v2\/media?parent=47464"}],"wp:term":[{"taxonomy":"category","embeddable":true,"href":"https:\/\/linitiative.ca\/International\/wp-json\/wp\/v2\/categories?post=47464"},{"taxonomy":"post_tag","embeddable":true,"href":"https:\/\/linitiative.ca\/International\/wp-json\/wp\/v2\/tags?post=47464"}],"curies":[{"name":"wp","href":"https:\/\/api.w.org\/{rel}","templated":true}]}}