{"id":47465,"date":"2019-07-20T06:00:00","date_gmt":"2019-07-20T10:00:00","guid":{"rendered":"https:\/\/linitiative.ca\/International\/ecran-solaire-evitez-cette-erreur\/"},"modified":"2019-07-20T06:00:00","modified_gmt":"2019-07-20T10:00:00","slug":"ecran-solaire-evitez-cette-erreur","status":"publish","type":"post","link":"https:\/\/linitiative.ca\/International\/ecran-solaire-evitez-cette-erreur\/","title":{"rendered":"\u00c9cran solaire : \u00e9vitez cette erreur !"},"content":{"rendered":"<p>L\u2019\u00e9cran solaire est un passage oblig\u00e9 de la p\u00e9riode estivale qui s\u2019annonce. Mais attention \u00e0 ne pas faire n\u2019importe quoi !<\/p>\n<p><strong>Appliquez la cr\u00e8me 30 minutes avant de vous exposer\u2026<\/strong><br \/>Il est tr\u00e8s important de ne pas attendre d\u2019\u00eatre \u00e0 la plage pour s\u2019enduire d\u2019\u00e9cran solaire. En effet, l\u2019\u00e9cran a besoin de 30 minutes pour p\u00e9n\u00e9trer efficacement.\u00a0<br \/>De plus, c\u2019est pendant les premi\u00e8res minutes d\u2019exposition que le soleil est le plus virulent.<\/p>\n<p>Auteur:<br \/>\n<a href=\"https:\/\/www.lesoirdalgerie.com\/femme-magazine\/ecran-solaire-evitez-cette-erreur-27269\">Cliquez ici pour lire l&rsquo;article depuis sa source.<\/a><\/p>\n","protected":false},"excerpt":{"rendered":"<p>L\u2019\u00e9cran solaire est un passage oblig\u00e9 de la p\u00e9riode estivale qui s\u2019annonce. Mais attention \u00e0 ne pas faire n\u2019importe quoi ! Appliquez la cr\u00e8me 30 minutes avant de vous exposer\u2026Il est tr\u00e8s important de ne pas attendre d\u2019\u00eatre \u00e0 la plage pour s\u2019enduire d\u2019\u00e9cran solaire. En effet, l\u2019\u00e9cran a besoin de 30 minutes pour p\u00e9n\u00e9trer [&hellip;]<\/p>\n","protected":false},"author":1741,"featured_media":0,"comment_status":"closed","ping_status":"closed","sticky":false,"template":"","format":"standard","meta":{"fifu_image_url":"","fifu_image_alt":"","footnotes":""},"categories":[73,53],"tags":[],"class_list":["post-47465","post","type-post","status-publish","format-standard","hentry","category-actualite","category-algerie"],"_links":{"self":[{"href":"https:\/\/linitiative.ca\/International\/wp-json\/wp\/v2\/posts\/47465","targetHints":{"allow":["GET"]}}],"collection":[{"href":"https:\/\/linitiative.ca\/International\/wp-json\/wp\/v2\/posts"}],"about":[{"href":"https:\/\/linitiative.ca\/International\/wp-json\/wp\/v2\/types\/post"}],"author":[{"embeddable":true,"href":"https:\/\/linitiative.ca\/International\/wp-json\/wp\/v2\/users\/1741"}],"replies":[{"embeddable":true,"href":"https:\/\/linitiative.ca\/International\/wp-json\/wp\/v2\/comments?post=47465"}],"version-history":[{"count":0,"href":"https:\/\/linitiative.ca\/International\/wp-json\/wp\/v2\/posts\/47465\/revisions"}],"wp:attachment":[{"href":"https:\/\/linitiative.ca\/International\/wp-json\/wp\/v2\/media?parent=47465"}],"wp:term":[{"taxonomy":"category","embeddable":true,"href":"https:\/\/linitiative.ca\/International\/wp-json\/wp\/v2\/categories?post=47465"},{"taxonomy":"post_tag","embeddable":true,"href":"https:\/\/linitiative.ca\/International\/wp-json\/wp\/v2\/tags?post=47465"}],"curies":[{"name":"wp","href":"https:\/\/api.w.org\/{rel}","templated":true}]}}