{"id":47466,"date":"2019-07-20T06:00:00","date_gmt":"2019-07-20T10:00:00","guid":{"rendered":"https:\/\/linitiative.ca\/International\/on-se-fait-des-rides-sans-sen-rendre-compte\/"},"modified":"2019-07-20T06:00:00","modified_gmt":"2019-07-20T10:00:00","slug":"on-se-fait-des-rides-sans-sen-rendre-compte","status":"publish","type":"post","link":"https:\/\/linitiative.ca\/International\/on-se-fait-des-rides-sans-sen-rendre-compte\/","title":{"rendered":"On se fait des rides sans s\u2019en rendre compte"},"content":{"rendered":"<p><strong>Reposez votre visage sur vos mains<\/strong><br \/>Si vous avez l\u2019habitude de faire reposer votre t\u00eate dans vos mains, sachez qu\u2019il serait peut-\u00eatre temps d\u2019oublier ce geste si vous d\u00e9sirez \u00e9viter les rides pr\u00e9matur\u00e9es. En effet, la pression de vos mains sur la peau de votre visage ab\u00eeme le collag\u00e8ne et compromet par cons\u00e9quent l\u2019\u00e9lasticit\u00e9 de la peau.<\/p>\n<p><strong>Dormir sur le c\u00f4t\u00e9<\/strong><br \/>Selon une \u00e9tude, 41% des gens dorment dans la position du f\u0153tus, et les femmes sont deux fois plus susceptibles que les hommes d\u2019adopter cette position. Mais attention : dormir sur le flanc peut provoquer des rides entre vos seins. Et, comme avec le plissement des yeux, ces creux sur la peau, tr\u00e8s fine \u00e0 cet endroit, peuvent devenir permanents si vous dormez ainsi chaque nuit. Essayez donc de varier les plaisirs et de vous endormir sur le dos de temps en temps.<\/p>\n<p><strong>Manger trop de sucre raffin\u00e9<\/strong><br \/>Le sucre blanc n\u2019est pas seulement mauvais pour votre sant\u00e9 : il endommage aussi votre peau ! Le processus dit de glycation se produit en effet quand l\u2019organisme contient trop de glucose. Il perturbe le fonctionnement normal des cellules : en effet, le glucose se fixe alors aux prot\u00e9ines pour cr\u00e9er des corps \u00e9trangers, les produits terminaux de glycation. Ces mol\u00e9cules affectent \u00e0 leur tour le collag\u00e8ne et l\u2019\u00e9lastine, qu\u2019elles d\u00e9truisent. R\u00e9sultat ? Des rides apparaissent sur la peau. Alors, autant que possible, \u00e9vitez le sucre blanc !<\/p>\n<p>Auteur:<br \/>\n<a href=\"https:\/\/www.lesoirdalgerie.com\/femme-magazine\/on-se-fait-des-rides-sans-sen-rendre-compte-27268\">Cliquez ici pour lire l&rsquo;article depuis sa source.<\/a><\/p>\n","protected":false},"excerpt":{"rendered":"<p>Reposez votre visage sur vos mainsSi vous avez l\u2019habitude de faire reposer votre t\u00eate dans vos mains, sachez qu\u2019il serait peut-\u00eatre temps d\u2019oublier ce geste si vous d\u00e9sirez \u00e9viter les rides pr\u00e9matur\u00e9es. En effet, la pression de vos mains sur la peau de votre visage ab\u00eeme le collag\u00e8ne et compromet par cons\u00e9quent l\u2019\u00e9lasticit\u00e9 de la [&hellip;]<\/p>\n","protected":false},"author":1741,"featured_media":0,"comment_status":"closed","ping_status":"closed","sticky":false,"template":"","format":"standard","meta":{"fifu_image_url":"","fifu_image_alt":"","footnotes":""},"categories":[73,53],"tags":[],"class_list":["post-47466","post","type-post","status-publish","format-standard","hentry","category-actualite","category-algerie"],"_links":{"self":[{"href":"https:\/\/linitiative.ca\/International\/wp-json\/wp\/v2\/posts\/47466","targetHints":{"allow":["GET"]}}],"collection":[{"href":"https:\/\/linitiative.ca\/International\/wp-json\/wp\/v2\/posts"}],"about":[{"href":"https:\/\/linitiative.ca\/International\/wp-json\/wp\/v2\/types\/post"}],"author":[{"embeddable":true,"href":"https:\/\/linitiative.ca\/International\/wp-json\/wp\/v2\/users\/1741"}],"replies":[{"embeddable":true,"href":"https:\/\/linitiative.ca\/International\/wp-json\/wp\/v2\/comments?post=47466"}],"version-history":[{"count":0,"href":"https:\/\/linitiative.ca\/International\/wp-json\/wp\/v2\/posts\/47466\/revisions"}],"wp:attachment":[{"href":"https:\/\/linitiative.ca\/International\/wp-json\/wp\/v2\/media?parent=47466"}],"wp:term":[{"taxonomy":"category","embeddable":true,"href":"https:\/\/linitiative.ca\/International\/wp-json\/wp\/v2\/categories?post=47466"},{"taxonomy":"post_tag","embeddable":true,"href":"https:\/\/linitiative.ca\/International\/wp-json\/wp\/v2\/tags?post=47466"}],"curies":[{"name":"wp","href":"https:\/\/api.w.org\/{rel}","templated":true}]}}