{"id":47470,"date":"2019-07-20T15:50:03","date_gmt":"2019-07-20T19:50:03","guid":{"rendered":"https:\/\/linitiative.ca\/International\/la-tunisie-receptionne-un-don-saoudien-de-vehicules-blindes\/"},"modified":"2019-07-20T15:50:03","modified_gmt":"2019-07-20T19:50:03","slug":"la-tunisie-receptionne-un-don-saoudien-de-vehicules-blindes","status":"publish","type":"post","link":"https:\/\/linitiative.ca\/International\/la-tunisie-receptionne-un-don-saoudien-de-vehicules-blindes\/","title":{"rendered":"La Tunisie r\u00e9ceptionne un don saoudien de v\u00e9hicules blind\u00e9s"},"content":{"rendered":"<div class=\"post-cont-in left relative\">\n<div class=\"swp_social_panel swp_horizontal_panel swp_flat_fresh swp_default_full_color swp_individual_full_color swp_other_full_color scale-100 scale-\" data-min-width=\"1100\" data-float-color=\"#ffffff\" data-float=\"none\" data-float-mobile=\"none\" data-transition=\"slide\">\n<div class=\"nc_tweetContainer swp_share_button total_shares total_sharesalt\"><span class=\"swp_count\">51 <span class=\"swp_label\">Partages<\/span><\/span><\/div>\n<\/div>\n<p>Le minist\u00e8re de l\u2019Int\u00e9rieur a annonc\u00e9, ce samedi, sur son site officiel, qu\u2019il a r\u00e9ceptionn\u00e9 un don des autorit\u00e9s saoudiennes qui consiste en un nombre de v\u00e9hicules blind\u00e9s anti mines.<\/p>\n<p>Cette aide entre dans le cadre de la collaboration entre les deux pays en mati\u00e8re de lutte contre le terrorisme.<\/p>\n<div class=\"code-block code-block-1 c3\"><ins class=\"adsbygoogle c2\" data-ad-layout=\"in-article\" data-ad-format=\"fluid\" data-ad-client=\"ca-pub-2102118777505746\" data-ad-slot=\"7301775417\"\/> <\/div>\n<div class=\"mvp-org-wrap mvp-org-logo\" itemprop=\"publisher\" itemscope=\"\" itemtype=\"https:\/\/schema.org\/Organization\"><img decoding=\"async\" src=\"https:\/\/www.tunisienumerique.com\/wp-content\/uploads\/2017\/02\/logo_tunisie_numerique.png\"\/><\/div>\n<div class=\"swp_social_panel swp_horizontal_panel swp_flat_fresh swp_default_full_color swp_individual_full_color swp_other_full_color scale-100 scale-\" data-min-width=\"1100\" data-float-color=\"#ffffff\" data-float=\"none\" data-float-mobile=\"none\" data-transition=\"slide\">\n<div class=\"nc_tweetContainer swp_share_button total_shares total_sharesalt\"><span class=\"swp_count\">51 <span class=\"swp_label\">Partages<\/span><\/span><\/div>\n<\/div>\n<div class=\"mvp-related-posts left relative\">\n<h4 class=\"post-header\"><span class=\"post-header\">Lire aussi<\/span><\/h4>\n<\/div>\n<\/div>\n<p>Auteur: LM<br \/>\n<a href=\"https:\/\/www.tunisienumerique.com\/la-tunisie-receptionne-un-don-saoudien-de-vehicules-blindes\/\">Cliquez ici pour lire l&rsquo;article depuis sa source.<\/a><\/p>\n","protected":false},"excerpt":{"rendered":"<p>51 Partages Le minist\u00e8re de l\u2019Int\u00e9rieur a annonc\u00e9, ce samedi, sur son site officiel, qu\u2019il a r\u00e9ceptionn\u00e9 un don des autorit\u00e9s saoudiennes qui consiste en un nombre de v\u00e9hicules blind\u00e9s anti mines. Cette aide entre dans le cadre de la collaboration entre les deux pays en mati\u00e8re de lutte contre le terrorisme. 51 Partages Lire [&hellip;]<\/p>\n","protected":false},"author":1789,"featured_media":47471,"comment_status":"closed","ping_status":"closed","sticky":false,"template":"","format":"standard","meta":{"fifu_image_url":"","fifu_image_alt":"","footnotes":""},"categories":[73,55],"tags":[],"class_list":["post-47470","post","type-post","status-publish","format-standard","has-post-thumbnail","hentry","category-actualite","category-tunisie"],"_links":{"self":[{"href":"https:\/\/linitiative.ca\/International\/wp-json\/wp\/v2\/posts\/47470","targetHints":{"allow":["GET"]}}],"collection":[{"href":"https:\/\/linitiative.ca\/International\/wp-json\/wp\/v2\/posts"}],"about":[{"href":"https:\/\/linitiative.ca\/International\/wp-json\/wp\/v2\/types\/post"}],"author":[{"embeddable":true,"href":"https:\/\/linitiative.ca\/International\/wp-json\/wp\/v2\/users\/1789"}],"replies":[{"embeddable":true,"href":"https:\/\/linitiative.ca\/International\/wp-json\/wp\/v2\/comments?post=47470"}],"version-history":[{"count":0,"href":"https:\/\/linitiative.ca\/International\/wp-json\/wp\/v2\/posts\/47470\/revisions"}],"wp:featuredmedia":[{"embeddable":true,"href":"https:\/\/linitiative.ca\/International\/wp-json\/"}],"wp:attachment":[{"href":"https:\/\/linitiative.ca\/International\/wp-json\/wp\/v2\/media?parent=47470"}],"wp:term":[{"taxonomy":"category","embeddable":true,"href":"https:\/\/linitiative.ca\/International\/wp-json\/wp\/v2\/categories?post=47470"},{"taxonomy":"post_tag","embeddable":true,"href":"https:\/\/linitiative.ca\/International\/wp-json\/wp\/v2\/tags?post=47470"}],"curies":[{"name":"wp","href":"https:\/\/api.w.org\/{rel}","templated":true}]}}