{"id":47472,"date":"2019-07-20T16:00:43","date_gmt":"2019-07-20T20:00:43","guid":{"rendered":"https:\/\/linitiative.ca\/International\/tunisie-neji-jalloul-annonce-sa-solidarite-avec-mehdi-jomaa\/"},"modified":"2019-07-20T16:00:43","modified_gmt":"2019-07-20T20:00:43","slug":"tunisie-neji-jalloul-annonce-sa-solidarite-avec-mehdi-jomaa","status":"publish","type":"post","link":"https:\/\/linitiative.ca\/International\/tunisie-neji-jalloul-annonce-sa-solidarite-avec-mehdi-jomaa\/","title":{"rendered":"Tunisie \u2013 Neji Jalloul annonc\u00e9 sa solidarit\u00e9 avec Mehdi Joma\u00e2"},"content":{"rendered":"<div class=\"post-cont-in left relative\">\n<div class=\"swp_social_panel swp_horizontal_panel swp_flat_fresh swp_default_full_color swp_individual_full_color swp_other_full_color scale-100 scale-\" data-min-width=\"1100\" data-float-color=\"#ffffff\" data-float=\"none\" data-float-mobile=\"none\" data-transition=\"slide\">\n<div class=\"nc_tweetContainer swp_share_button total_shares total_sharesalt\"><span class=\"swp_count\">62 <span class=\"swp_label\">Partages<\/span><\/span><\/div>\n<\/div>\n<p>Neji Jalloul, directeur g\u00e9n\u00e9ral de l\u2019institut tunisien des \u00e9tudes strat\u00e9giques, a annonc\u00e9 ce samedi, \u00e0 travers sa page Facebook, que bien qu\u2019il ne fasse pas partie d\u2019Al Badil, cela ne l\u2019emp\u00eache pas de dire toute sa solidarit\u00e9 avec Mehdi Joma\u00e2 pr\u00e9sident d\u2019Al Badil, devant le flot d\u2019accusations calomnieuses qui le ciblent depuis quelques temps.<\/p>\n<p><img loading=\"lazy\" decoding=\"async\" class=\"aligncenter size-full wp-image-449487\" src=\"https:\/\/www.tunisienumerique.com\/wp-content\/uploads\/2019\/07\/neji-comm.jpg\" alt=\"\" width=\"549\" height=\"497\"\/><\/p>\n<div class=\"code-block code-block-1 c3\"><ins class=\"adsbygoogle c2\" data-ad-layout=\"in-article\" data-ad-format=\"fluid\" data-ad-client=\"ca-pub-2102118777505746\" data-ad-slot=\"7301775417\"\/> <\/div>\n<div class=\"mvp-org-wrap mvp-org-logo\" itemprop=\"publisher\" itemscope=\"\" itemtype=\"https:\/\/schema.org\/Organization\"><img decoding=\"async\" src=\"https:\/\/www.tunisienumerique.com\/wp-content\/uploads\/2017\/02\/logo_tunisie_numerique.png\"\/><\/div>\n<div class=\"swp_social_panel swp_horizontal_panel swp_flat_fresh swp_default_full_color swp_individual_full_color swp_other_full_color scale-100 scale-\" data-min-width=\"1100\" data-float-color=\"#ffffff\" data-float=\"none\" data-float-mobile=\"none\" data-transition=\"slide\">\n<div class=\"nc_tweetContainer swp_share_button total_shares total_sharesalt\"><span class=\"swp_count\">62 <span class=\"swp_label\">Partages<\/span><\/span><\/div>\n<\/div>\n<div class=\"mvp-related-posts left relative\">\n<h4 class=\"post-header\"><span class=\"post-header\">Lire aussi<\/span><\/h4>\n<\/div>\n<\/div>\n<p>Auteur: LM<br \/>\n<a href=\"https:\/\/www.tunisienumerique.com\/tunisie-neji-jalloul-annonce-sa-solidarite-avec-mehdi-jomaa\/\">Cliquez ici pour lire l&rsquo;article depuis sa source.<\/a><\/p>\n","protected":false},"excerpt":{"rendered":"<p>62 Partages Neji Jalloul, directeur g\u00e9n\u00e9ral de l\u2019institut tunisien des \u00e9tudes strat\u00e9giques, a annonc\u00e9 ce samedi, \u00e0 travers sa page Facebook, que bien qu\u2019il ne fasse pas partie d\u2019Al Badil, cela ne l\u2019emp\u00eache pas de dire toute sa solidarit\u00e9 avec Mehdi Joma\u00e2 pr\u00e9sident d\u2019Al Badil, devant le flot d\u2019accusations calomnieuses qui le ciblent depuis quelques [&hellip;]<\/p>\n","protected":false},"author":1789,"featured_media":47473,"comment_status":"closed","ping_status":"closed","sticky":false,"template":"","format":"standard","meta":{"fifu_image_url":"","fifu_image_alt":"","footnotes":""},"categories":[73,55],"tags":[],"class_list":["post-47472","post","type-post","status-publish","format-standard","has-post-thumbnail","hentry","category-actualite","category-tunisie"],"_links":{"self":[{"href":"https:\/\/linitiative.ca\/International\/wp-json\/wp\/v2\/posts\/47472","targetHints":{"allow":["GET"]}}],"collection":[{"href":"https:\/\/linitiative.ca\/International\/wp-json\/wp\/v2\/posts"}],"about":[{"href":"https:\/\/linitiative.ca\/International\/wp-json\/wp\/v2\/types\/post"}],"author":[{"embeddable":true,"href":"https:\/\/linitiative.ca\/International\/wp-json\/wp\/v2\/users\/1789"}],"replies":[{"embeddable":true,"href":"https:\/\/linitiative.ca\/International\/wp-json\/wp\/v2\/comments?post=47472"}],"version-history":[{"count":0,"href":"https:\/\/linitiative.ca\/International\/wp-json\/wp\/v2\/posts\/47472\/revisions"}],"wp:featuredmedia":[{"embeddable":true,"href":"https:\/\/linitiative.ca\/International\/wp-json\/"}],"wp:attachment":[{"href":"https:\/\/linitiative.ca\/International\/wp-json\/wp\/v2\/media?parent=47472"}],"wp:term":[{"taxonomy":"category","embeddable":true,"href":"https:\/\/linitiative.ca\/International\/wp-json\/wp\/v2\/categories?post=47472"},{"taxonomy":"post_tag","embeddable":true,"href":"https:\/\/linitiative.ca\/International\/wp-json\/wp\/v2\/tags?post=47472"}],"curies":[{"name":"wp","href":"https:\/\/api.w.org\/{rel}","templated":true}]}}