{"id":47475,"date":"2019-07-20T11:50:01","date_gmt":"2019-07-20T15:50:01","guid":{"rendered":"https:\/\/linitiative.ca\/International\/can-2019-lalgerie-accueille-dans-la-liesse-ses-heros\/"},"modified":"2019-07-20T11:50:01","modified_gmt":"2019-07-20T15:50:01","slug":"can-2019-lalgerie-accueille-dans-la-liesse-ses-heros","status":"publish","type":"post","link":"https:\/\/linitiative.ca\/International\/can-2019-lalgerie-accueille-dans-la-liesse-ses-heros\/","title":{"rendered":"CAN-2019: l\u2019Alg\u00e9rie accueille dans la liesse ses h\u00e9ros"},"content":{"rendered":"<p>Place \u00e0 la grande f\u00eate apr\u00e8s presque 30 ans d\u2019attente: l\u2019Alg\u00e9rie a accueilli samedi ses h\u00e9ros, qui ont conquis la deuxi\u00e8me Coupe d\u2019Afrique des nations de son histoire, en battant la veille le S\u00e9n\u00e9gal (1-0) au Caire.<\/p>\n<p>Les Fennecs, m\u00e9dailles de champions au cou, sont arriv\u00e9s en d\u00e9but d\u2019apr\u00e8s-midi \u00e0 l\u2019a\u00e9roport d\u2019Alger o\u00f9 les attendait une d\u00e9l\u00e9gation conduite par le Premier ministre Noureddine Bedoui.<\/p>\n<p>Le capitaine Ryad Mahrez \u00e9tait le premier \u00e0 sortir de l\u2019appareil, en brandissant le troph\u00e9e, avec le s\u00e9lectionneur Djamel Belmadi.<\/p>\n<p>Sur le tarmac, les pompiers leur ont offert un \u00ab\u00a0water salute\u00a0\u00bb, un arc r\u00e9alis\u00e9 avec des lances \u00e0 eau, selon des images retransmises en direct par la t\u00e9l\u00e9vision nationale.<\/p>\n<p>Les joueurs ont ensuite parcouru un tapis rouge jusqu\u2019au salon d\u2019honneur de l\u2019a\u00e9roport. Ils sont ensuite mont\u00e9s \u00e0 bord d\u2019un car sp\u00e9cialement am\u00e9nag\u00e9 pour parader dans les rues d\u2019Alger, o\u00f9 les attendait depuis des heures une foule sous un soleil de plomb.<\/p>\n<p>Sur leur passage, les Alg\u00e9riens, certains drap\u00e9s du drapeau national, saluaient leurs champions. Install\u00e9s en haut du bus \u00e0 imp\u00e9riale, les joueurs faisaient des signes de la main \u00e0 la foule.<\/p>\n<p>L\u2019\u00e9pop\u00e9e des Verts \u2013au fond du trou il y a deux ans avec une \u00e9limination sans gloire d\u00e8s le 1er tour de la CAN-2017 et une instabilit\u00e9 chronique autour du poste de s\u00e9lectionneur\u2013 a \u00e9t\u00e9 inattendue.<\/p>\n<p>Ils ont gagn\u00e9 1-0 vendredi soir contre le S\u00e9n\u00e9gal au Caire, lors d\u2019une finale \u00e0 laquelle ont assist\u00e9 pr\u00e8s de 20.000 supporters alg\u00e9riens, dont le pr\u00e9sident par interim Abdelkader Bensalah.<\/p>\n<p>Les Fennecs ont remport\u00e9 le titre 29 ans apr\u00e8s celui de 1990. Si elle \u00e9tait arriv\u00e9e sur la pointe des pieds en Egypte, l\u2019\u00e9quipe de Riyad Mahrez s\u2019est r\u00e9v\u00e9l\u00e9e jusqu\u2019\u00e0 devenir la ma\u00eetresse du Continent, en toute logique. En plein mouvement de protestation contre l\u2019\u00e9lite politique au pays, ce sacre prend une dimension particuli\u00e8re.<\/p>\n<p>\u2013 \u00ab\u00a0Un moment tr\u00e8s particulier\u00a0\u00bb \u2013<\/p>\n<p>\u00ab\u00a0Toute l\u2019Alg\u00e9rie va \u00eatre dans la rue, cela va \u00eatre incroyable. Je l\u2019ai v\u00e9cu en 2014 (apr\u00e8s le premier 8e de finale de Coupe du monde de l\u2019histoire de la s\u00e9lection alg\u00e9rienne, NDLR), c\u2019\u00e9tait incroyable. Mais l\u00e0, \u00e7a va \u00eatre pire !\u00a0\u00bb, avait indiqu\u00e9 plus t\u00f4t le N.10 alg\u00e9rien Sofiane Feghouli.<\/p>\n<p>D\u2019Oran, la ville natale du buteur d\u00e9cisif Baghdad Bounedjah, \u00e0 Paris et Marseille, o\u00f9 il y a une importante diaspora, les supporters des Fennecs ont c\u00e9l\u00e9br\u00e9 la victoire toute la nuit dans une ambiance festive dans l\u2019ensemble, malgr\u00e9 quelques incidents.<\/p>\n<p>La deuxi\u00e8me \u00e9toile africaine des Fennecs arrive dans \u00ab\u00a0un moment tr\u00e8s particulier\u00a0\u00bb, souligne le pr\u00e9sident de la f\u00e9d\u00e9ration alg\u00e9rienne, alors que le pays conna\u00eet un mouvement de contestation politique in\u00e9dit depuis fin f\u00e9vrier.<\/p>\n<p>\u00ab\u00a0Cette victoire va tr\u00e8s certainement insuffler un souffle nouveau\u00a0\u00bb, a-t-il estim\u00e9, ajoutant que la prestation de ses joueurs s\u2019est aussi r\u00e9alis\u00e9e \u00ab\u00a0sous l\u2019impulsion de cet extraordinaire \u00e9lan populaire qui est en train d\u2019emmener l\u2019Alg\u00e9rie vers des jours meilleurs\u00a0\u00bb.<\/p>\n<p>Si les joueurs ont unanimement reconnu l\u2019importance du \u00ab\u00a0hirak\u00a0\u00bb dans leur \u00e9pop\u00e9e, un nom est sur toutes les l\u00e8vres pour expliquer la raison de cette renaissance sportive: Djamel Belmadi. L\u2019homme qui a transform\u00e9, en moins d\u2019un an, une \u00e9quipe moribonde, absente du Mondial-2018, en une machine \u00e0 gagner.<\/p>\n<p>\u2013 Hommage \u00e0 Belmadi \u2013<\/p>\n<p>\u00ab\u00a0Il m\u00e9rite tous les \u00e9loges, c\u2019est gr\u00e2ce \u00e0 lui qu\u2019on en est l\u00e0. Il nous a suivi depuis le d\u00e9but. Il a reconstruit l\u2019\u00e9quipe, il a tout fait ! C\u2019est s\u00fbr que les acteurs, ce sont nous, mais autour tout \u00e9tait parfait. Il faut lui rendre hommage parce qu\u2019il en est pour beaucoup\u00a0\u00bb, a d\u00e9clar\u00e9 Riyad Mahrez.<\/p>\n<p>\u00ab\u00a0C\u2019est magnifique ce qu\u2019ont fait les gar\u00e7ons, il faut les f\u00e9liciter vraiment. Ils ont \u00e9t\u00e9 \u00e0 la hauteur des attentes du peuple\u00a0\u00bb, a dit vendredi Djamel Belmadi, dans une joie intense mais contenue.<\/p>\n<p>Symbole de la transformation des Fennecs, Mahrez, auteur d\u2019un coup franc d\u2019anthologie en demi-finale, a sembl\u00e9 devenir un autre joueur depuis qu\u2019il a h\u00e9rit\u00e9 du brassard de capitaine: \u00ab\u00a0J\u2019ai toujours eu beaucoup de responsabilit\u00e9s en s\u00e9lection. Mais en ayant le brassard, il m\u2019a donn\u00e9 beaucoup de confiance\u00a0\u00bb.<\/p>\n<p>Avec des jeunes talents comme Isma\u00ebl Bennacer, \u00e9lu meilleur joueur du tournoi \u00e0 seulement 21 ans, ou Youcef Atal, l\u2019avenir de la s\u00e9lection alg\u00e9rienne s\u2019annonce radieux. D\u2019autant plus qu\u2019elle ne s\u2019appuie plus exclusivement sur les Binationaux, qui repr\u00e9sentent encore 14 joueurs sur 23, mais aussi sur une vague de talents locaux comme Youcef Bela\u00efli et Baghdad Bounedjah.<\/p>\n<p>Auteur: AFP<br \/>\n<a href=\"https:\/\/www.journalducameroun.com\/can-2019-lalgerie-accueille-dans-la-liesse-ses-heros\/\">Cliquez ici pour lire l&rsquo;article depuis sa source.<\/a><\/p>\n","protected":false},"excerpt":{"rendered":"<p>Place \u00e0 la grande f\u00eate apr\u00e8s presque 30 ans d\u2019attente: l\u2019Alg\u00e9rie a accueilli samedi ses h\u00e9ros, qui ont conquis la deuxi\u00e8me Coupe d\u2019Afrique des nations de son histoire, en battant la veille le S\u00e9n\u00e9gal (1-0) au Caire. Les Fennecs, m\u00e9dailles de champions au cou, sont arriv\u00e9s en d\u00e9but d\u2019apr\u00e8s-midi \u00e0 l\u2019a\u00e9roport d\u2019Alger o\u00f9 les attendait [&hellip;]<\/p>\n","protected":false},"author":1965,"featured_media":0,"comment_status":"closed","ping_status":"closed","sticky":false,"template":"","format":"standard","meta":{"fifu_image_url":"","fifu_image_alt":"","footnotes":""},"categories":[73,82],"tags":[],"class_list":["post-47475","post","type-post","status-publish","format-standard","hentry","category-actualite","category-cameroun"],"_links":{"self":[{"href":"https:\/\/linitiative.ca\/International\/wp-json\/wp\/v2\/posts\/47475","targetHints":{"allow":["GET"]}}],"collection":[{"href":"https:\/\/linitiative.ca\/International\/wp-json\/wp\/v2\/posts"}],"about":[{"href":"https:\/\/linitiative.ca\/International\/wp-json\/wp\/v2\/types\/post"}],"author":[{"embeddable":true,"href":"https:\/\/linitiative.ca\/International\/wp-json\/wp\/v2\/users\/1965"}],"replies":[{"embeddable":true,"href":"https:\/\/linitiative.ca\/International\/wp-json\/wp\/v2\/comments?post=47475"}],"version-history":[{"count":0,"href":"https:\/\/linitiative.ca\/International\/wp-json\/wp\/v2\/posts\/47475\/revisions"}],"wp:attachment":[{"href":"https:\/\/linitiative.ca\/International\/wp-json\/wp\/v2\/media?parent=47475"}],"wp:term":[{"taxonomy":"category","embeddable":true,"href":"https:\/\/linitiative.ca\/International\/wp-json\/wp\/v2\/categories?post=47475"},{"taxonomy":"post_tag","embeddable":true,"href":"https:\/\/linitiative.ca\/International\/wp-json\/wp\/v2\/tags?post=47475"}],"curies":[{"name":"wp","href":"https:\/\/api.w.org\/{rel}","templated":true}]}}