{"id":47478,"date":"2019-07-20T13:18:07","date_gmt":"2019-07-20T17:18:07","guid":{"rendered":"https:\/\/linitiative.ca\/International\/le-cadre-macroeconomique-de-la-cemac-se-consolide-selon-lumac\/"},"modified":"2019-07-20T13:18:07","modified_gmt":"2019-07-20T17:18:07","slug":"le-cadre-macroeconomique-de-la-cemac-se-consolide-selon-lumac","status":"publish","type":"post","link":"https:\/\/linitiative.ca\/International\/le-cadre-macroeconomique-de-la-cemac-se-consolide-selon-lumac\/","title":{"rendered":"Le cadre macro\u00e9conomique de la Cemac se consolide, selon l\u2019Umac"},"content":{"rendered":"<div readability=\"32\">\n<p>Publi\u00e9 le 20.07.2019 \u00e0 18h18 par APA News<\/p>\n<\/div>\n<div readability=\"66\">\n<p>Le comit\u00e9 minist\u00e9riel de I\u2019Union mon\u00e9taire de l\u2019Afrique centrale (Umac) vient de marquer sa satisfaction quant \u00e0 la consolidation du cadre macro\u00e9conomique de la sous-r\u00e9gion.Le contexte est ainsi marqu\u00e9 par la reprise de la croissance, l\u2019am\u00e9lioration des indicateurs d\u2019endettement ext\u00e9rieur, la hausse des r\u00e9serves de change et l\u2019am\u00e9lioration du taux de couverture ext\u00e9rieure de la monnaie.<\/p>\n<p>L\u2019Umac salue \u00e9galement les performances des finances publiques et encourage le gouvernement de la Banque centrale (Beac), ainsi que les \u00c9tats membres, \u00e0 poursuivre les efforts visant la mise en \u0153uvre des plans de redressement \u00e9conomique d\u00e9ploy\u00e9s.<\/p>\n<p>S\u2019agissant de la r\u00e9glementation des changes, et tout en saluant les r\u00e9sultats enregistr\u00e9s \u00e0 ce jour, notamment en ce qui concerne le renforcement significatif de la soutenabilit\u00e9 ext\u00e9rieure sous-r\u00e9gionale, le comit\u00e9 minist\u00e9riel exprime toutefois sa pr\u00e9occupation quant au ressenti du monde des affaires sur la mise en \u0153uvre de cette r\u00e8glementation.<\/p>\n<p>Le gouvernement de l\u2019Institut d\u2019\u00e9mission est invit\u00e9 \u00e0 poursuivre ses efforts dans l\u2019application de ladite r\u00e9glementation, \u00e0 travers l\u00a0\u00bbintensification des actions de communication et de dialogue avec toutes les parties concern\u00e9es, et \u00e0 faire montre de flexibilit\u00e9 dans la recherche de solutions aux difficult\u00e9s observ\u00e9es sur le terrain.<\/p>\n<p>Dans le m\u00eame esprit,\u00a0les\u00a0\u00c9tats\u00a0membres sont appel\u00e9 \u00e0\u00a0poursuivre\u00a0r\u00e9solument\u00a0les\u00a0programmes\u00a0de r\u00e9formes \u00e9conomiques avec\u00a0le\u00a0Fonds mon\u00e9taire international (Fmi),\u00a0avec\u00a0le\u00a0soutien\u00a0des\u00a0institutions\u00a0communautaires,\u00a0et\u00a0\u00e0\u00a0prendre toutes\u00a0les\u00a0dispositions\u00a0pour\u00a0acc\u00e9l\u00e9rer\u00a0le\u00a0rapatriement\u00a0des\u00a0devises.<\/p>\n<\/div>\n<p>Auteur: APA News<br \/>\n<a href=\"https:\/\/www.journalducameroun.com\/le-cadre-macroeconomique-de-la-cemac-se-consolide-selon-lumac\/\">Cliquez ici pour lire l&rsquo;article depuis sa source.<\/a><\/p>\n","protected":false},"excerpt":{"rendered":"<p>Publi\u00e9 le 20.07.2019 \u00e0 18h18 par APA News Le comit\u00e9 minist\u00e9riel de I\u2019Union mon\u00e9taire de l\u2019Afrique centrale (Umac) vient de marquer sa satisfaction quant \u00e0 la consolidation du cadre macro\u00e9conomique de la sous-r\u00e9gion.Le contexte est ainsi marqu\u00e9 par la reprise de la croissance, l\u2019am\u00e9lioration des indicateurs d\u2019endettement ext\u00e9rieur, la hausse des r\u00e9serves de change et [&hellip;]<\/p>\n","protected":false},"author":1965,"featured_media":0,"comment_status":"closed","ping_status":"closed","sticky":false,"template":"","format":"standard","meta":{"fifu_image_url":"","fifu_image_alt":"","footnotes":""},"categories":[73,82],"tags":[],"class_list":["post-47478","post","type-post","status-publish","format-standard","hentry","category-actualite","category-cameroun"],"_links":{"self":[{"href":"https:\/\/linitiative.ca\/International\/wp-json\/wp\/v2\/posts\/47478","targetHints":{"allow":["GET"]}}],"collection":[{"href":"https:\/\/linitiative.ca\/International\/wp-json\/wp\/v2\/posts"}],"about":[{"href":"https:\/\/linitiative.ca\/International\/wp-json\/wp\/v2\/types\/post"}],"author":[{"embeddable":true,"href":"https:\/\/linitiative.ca\/International\/wp-json\/wp\/v2\/users\/1965"}],"replies":[{"embeddable":true,"href":"https:\/\/linitiative.ca\/International\/wp-json\/wp\/v2\/comments?post=47478"}],"version-history":[{"count":0,"href":"https:\/\/linitiative.ca\/International\/wp-json\/wp\/v2\/posts\/47478\/revisions"}],"wp:attachment":[{"href":"https:\/\/linitiative.ca\/International\/wp-json\/wp\/v2\/media?parent=47478"}],"wp:term":[{"taxonomy":"category","embeddable":true,"href":"https:\/\/linitiative.ca\/International\/wp-json\/wp\/v2\/categories?post=47478"},{"taxonomy":"post_tag","embeddable":true,"href":"https:\/\/linitiative.ca\/International\/wp-json\/wp\/v2\/tags?post=47478"}],"curies":[{"name":"wp","href":"https:\/\/api.w.org\/{rel}","templated":true}]}}