{"id":47481,"date":"2019-07-20T17:18:02","date_gmt":"2019-07-20T21:18:02","guid":{"rendered":"https:\/\/linitiative.ca\/International\/la-can-2019-a-genere-83-millions-de-dollars-a-la-caf-ahmad-ahmad\/"},"modified":"2019-07-20T17:18:02","modified_gmt":"2019-07-20T21:18:02","slug":"la-can-2019-a-genere-83-millions-de-dollars-a-la-caf-ahmad-ahmad","status":"publish","type":"post","link":"https:\/\/linitiative.ca\/International\/la-can-2019-a-genere-83-millions-de-dollars-a-la-caf-ahmad-ahmad\/","title":{"rendered":"La CAN-2019 a g\u00e9n\u00e9r\u00e9 83 millions de dollars \u00e0 la CAF (Ahmad Ahmad)"},"content":{"rendered":"<div readability=\"32\">\n<p>Publi\u00e9 le 20.07.2019 \u00e0 22h18 par APA News<\/p>\n<\/div>\n<div readability=\"72\">\n<p>La Coupe d\u2019Afrique des Nations (CAN-2019), qui s\u2019est d\u00e9roul\u00e9e en Egypte a g\u00e9n\u00e9r\u00e9 un profit de 83 millions de dollars \u00e0 l\u2019instance footballistique africaine (CAF), a d\u00e9clar\u00e9 le pr\u00e9sident de la Conf\u00e9d\u00e9ration africaine de football (CAF), Ahmad Ahmad.Par Mohamed Fayed<\/p>\n<p>Une somme qui \u00e9quivaut \u00e0 presque le double du montant g\u00e9n\u00e9r\u00e9 par l\u2019\u00e9dition 2015, qui avait eu lieu en Guin\u00e9e \u00e9quatoriale. A l\u2019\u00e9poque, la CAN avait rapport\u00e9 49 millions de dollars \u00e0 la CAF.<\/p>\n<p>En 2017, lors de l\u2019\u00e9dition gabonaise, la CAN avait rapport\u00e9 quelque 67 millions de dollars \u00e0 l\u2019instance africaine du football. Le responsable malgache a, par ailleurs, affirm\u00e9 que la dette de la CAF s\u2019\u00e9l\u00e8ve \u00e0 quelque 20 millions de dollars tandis que la tr\u00e9sorerie affiche un exc\u00e9dent de 20 millions de dollars.<\/p>\n<p>Pour ce qui est des primes accord\u00e9es aux s\u00e9lections africaines, elles se sont \u00e9lev\u00e9es \u00e0 25 millions de dollars, r\u00e9parties comme suit : le vainqueur en l\u2019occurrence l\u2019Alg\u00e9rie, elle s\u2019est vue accord\u00e9e la somme de 4,5 millions de dollars alors que son dauphin, le S\u00e9n\u00e9gal, a re\u00e7u la somme de 2,5 millions de dollars.<\/p>\n<p>Le Nigeria, 3\u00e8me au classement et la Tunisie 4\u00e8me ont eu chacun 2 millions de dollars.<\/p>\n<p>Quant aux \u00e9quipes ayant atteint les quarts de finale, elles ont obtenu un montant de 800.000 dollars, contre 600.000 pour celles qualifi\u00e9es aux 16\u00e8me de finale.<\/p>\n<\/div>\n<p>Auteur: APA News<br \/>\n<a href=\"https:\/\/www.journalducameroun.com\/la-can-2019-a-genere-83-millions-de-dollars-a-la-caf-ahmad-ahmad\/\">Cliquez ici pour lire l&rsquo;article depuis sa source.<\/a><\/p>\n","protected":false},"excerpt":{"rendered":"<p>Publi\u00e9 le 20.07.2019 \u00e0 22h18 par APA News La Coupe d\u2019Afrique des Nations (CAN-2019), qui s\u2019est d\u00e9roul\u00e9e en Egypte a g\u00e9n\u00e9r\u00e9 un profit de 83 millions de dollars \u00e0 l\u2019instance footballistique africaine (CAF), a d\u00e9clar\u00e9 le pr\u00e9sident de la Conf\u00e9d\u00e9ration africaine de football (CAF), Ahmad Ahmad.Par Mohamed Fayed Une somme qui \u00e9quivaut \u00e0 presque le [&hellip;]<\/p>\n","protected":false},"author":1965,"featured_media":0,"comment_status":"closed","ping_status":"closed","sticky":false,"template":"","format":"standard","meta":{"fifu_image_url":"","fifu_image_alt":"","footnotes":""},"categories":[73,82],"tags":[],"class_list":["post-47481","post","type-post","status-publish","format-standard","hentry","category-actualite","category-cameroun"],"_links":{"self":[{"href":"https:\/\/linitiative.ca\/International\/wp-json\/wp\/v2\/posts\/47481","targetHints":{"allow":["GET"]}}],"collection":[{"href":"https:\/\/linitiative.ca\/International\/wp-json\/wp\/v2\/posts"}],"about":[{"href":"https:\/\/linitiative.ca\/International\/wp-json\/wp\/v2\/types\/post"}],"author":[{"embeddable":true,"href":"https:\/\/linitiative.ca\/International\/wp-json\/wp\/v2\/users\/1965"}],"replies":[{"embeddable":true,"href":"https:\/\/linitiative.ca\/International\/wp-json\/wp\/v2\/comments?post=47481"}],"version-history":[{"count":0,"href":"https:\/\/linitiative.ca\/International\/wp-json\/wp\/v2\/posts\/47481\/revisions"}],"wp:attachment":[{"href":"https:\/\/linitiative.ca\/International\/wp-json\/wp\/v2\/media?parent=47481"}],"wp:term":[{"taxonomy":"category","embeddable":true,"href":"https:\/\/linitiative.ca\/International\/wp-json\/wp\/v2\/categories?post=47481"},{"taxonomy":"post_tag","embeddable":true,"href":"https:\/\/linitiative.ca\/International\/wp-json\/wp\/v2\/tags?post=47481"}],"curies":[{"name":"wp","href":"https:\/\/api.w.org\/{rel}","templated":true}]}}