{"id":47482,"date":"2019-07-20T17:18:05","date_gmt":"2019-07-20T21:18:05","guid":{"rendered":"https:\/\/linitiative.ca\/International\/lorganisation-arabe-des-droits-de-lhomme-condamne-les-executions-extrajudiciaires-en-libye\/"},"modified":"2019-07-20T17:18:05","modified_gmt":"2019-07-20T21:18:05","slug":"lorganisation-arabe-des-droits-de-lhomme-condamne-les-executions-extrajudiciaires-en-libye","status":"publish","type":"post","link":"https:\/\/linitiative.ca\/International\/lorganisation-arabe-des-droits-de-lhomme-condamne-les-executions-extrajudiciaires-en-libye\/","title":{"rendered":"L\u2019Organisation arabe des droits de l\u2019Homme condamne les ex\u00e9cutions extrajudiciaires en Libye"},"content":{"rendered":"<div readability=\"32\">\n<p>Publi\u00e9 le 20.07.2019 \u00e0 22h18 par APA News<\/p>\n<\/div>\n<div readability=\"70\">\n<p>L\u2019Organisation arabe des droits de l\u2019Homme et de sa branche en Libye ont condamn\u00e9 les enl\u00e8vements et les ex\u00e9cutions extrajudiciaires perp\u00e9tr\u00e9s au cours des trois derniers jours \u00e0 Tripoli et \u00e0 Benghazi.Par Mohamed Fayed<\/p>\n<p>Les deux instances ont ainsi condamn\u00e9 l\u2019enl\u00e8vement de la d\u00e9put\u00e9e Siham Sarqiwa, Pr\u00e9sidente du Comit\u00e9 des droits de l\u2019Homme \u00e0 la Chambre des repr\u00e9sentants libyenne, \u00e0 son retour des r\u00e9unions au Caire apr\u00e8s l\u2019invasion de son domicile \u00e0 Benghazi et l\u2019agression de son mari.<\/p>\n<p>A cet \u00e9gard, les deux instances mettent en garde contre son arrestation sans arr\u00eat judiciaire, ce qui constituerait une violation flagrante de l\u2019immunit\u00e9 parlementaire et des instruments internationaux des droits de l\u2019homme.<\/p>\n<p>Les deux organisations ont appel\u00e9 les autorit\u00e9s concern\u00e9es de l\u2019Est du pays \u00e0 ouvrir une enqu\u00eate sur l\u2019attaque de la maison de Mme Sarqiwa et sur la n\u00e9cessit\u00e9 de r\u00e9v\u00e9ler son sort.<\/p>\n<p>Dans la m\u00eame veine, les deux instances ont d\u00e9nonc\u00e9 l\u2019enl\u00e8vement du chef du Centre de contr\u00f4le des aliments et des m\u00e9dicaments, Mohammed Omar al-Mashai, dans la r\u00e9gion d\u2019Abou Salim \u00e0 Tripoli et appel\u00e9 les autorit\u00e9s de la r\u00e9gion occidentale \u00e0 r\u00e9v\u00e9ler le lieu o\u00f9 il se trouve et son sort.<\/p>\n<p>Aussi, les deux organisations ont condamn\u00e9 le meurtre extrajudiciaire de deux Osama al-Qataani, Tariq al-Qataani, Masoud al-Tarhouni, Abdulqadir al-Awami et Mohamed Kablan (72 ans), dont les corps ont \u00e9t\u00e9 retrouv\u00e9s \u00e0 proximit\u00e9 du cimeti\u00e8re Hawari de Benghazi.<\/p>\n<p>Les deux instances appellent \u00e0 la n\u00e9cessit\u00e9 de r\u00e9v\u00e9ler les circonstances du crime, de traduire les responsables en justice et de mettre fin \u00e0 l\u2019impunit\u00e9.<\/p>\n<\/div>\n<p>Auteur: APA News<br \/>\n<a href=\"https:\/\/www.journalducameroun.com\/lorganisation-arabe-des-droits-de-lhomme-condamne-les-executions-extrajudiciaires-en-libye\/\">Cliquez ici pour lire l&rsquo;article depuis sa source.<\/a><\/p>\n","protected":false},"excerpt":{"rendered":"<p>Publi\u00e9 le 20.07.2019 \u00e0 22h18 par APA News L\u2019Organisation arabe des droits de l\u2019Homme et de sa branche en Libye ont condamn\u00e9 les enl\u00e8vements et les ex\u00e9cutions extrajudiciaires perp\u00e9tr\u00e9s au cours des trois derniers jours \u00e0 Tripoli et \u00e0 Benghazi.Par Mohamed Fayed Les deux instances ont ainsi condamn\u00e9 l\u2019enl\u00e8vement de la d\u00e9put\u00e9e Siham Sarqiwa, Pr\u00e9sidente [&hellip;]<\/p>\n","protected":false},"author":1965,"featured_media":0,"comment_status":"closed","ping_status":"closed","sticky":false,"template":"","format":"standard","meta":{"fifu_image_url":"","fifu_image_alt":"","footnotes":""},"categories":[73,82],"tags":[],"class_list":["post-47482","post","type-post","status-publish","format-standard","hentry","category-actualite","category-cameroun"],"_links":{"self":[{"href":"https:\/\/linitiative.ca\/International\/wp-json\/wp\/v2\/posts\/47482","targetHints":{"allow":["GET"]}}],"collection":[{"href":"https:\/\/linitiative.ca\/International\/wp-json\/wp\/v2\/posts"}],"about":[{"href":"https:\/\/linitiative.ca\/International\/wp-json\/wp\/v2\/types\/post"}],"author":[{"embeddable":true,"href":"https:\/\/linitiative.ca\/International\/wp-json\/wp\/v2\/users\/1965"}],"replies":[{"embeddable":true,"href":"https:\/\/linitiative.ca\/International\/wp-json\/wp\/v2\/comments?post=47482"}],"version-history":[{"count":0,"href":"https:\/\/linitiative.ca\/International\/wp-json\/wp\/v2\/posts\/47482\/revisions"}],"wp:attachment":[{"href":"https:\/\/linitiative.ca\/International\/wp-json\/wp\/v2\/media?parent=47482"}],"wp:term":[{"taxonomy":"category","embeddable":true,"href":"https:\/\/linitiative.ca\/International\/wp-json\/wp\/v2\/categories?post=47482"},{"taxonomy":"post_tag","embeddable":true,"href":"https:\/\/linitiative.ca\/International\/wp-json\/wp\/v2\/tags?post=47482"}],"curies":[{"name":"wp","href":"https:\/\/api.w.org\/{rel}","templated":true}]}}