{"id":47504,"date":"2019-07-21T04:01:30","date_gmt":"2019-07-21T08:01:30","guid":{"rendered":"https:\/\/linitiative.ca\/International\/el-jadida-5-ans-de-prison-pour-un-cambrioleur-de-commerces\/"},"modified":"2019-07-21T04:01:30","modified_gmt":"2019-07-21T08:01:30","slug":"el-jadida-5-ans-de-prison-pour-un-cambrioleur-de-commerces","status":"publish","type":"post","link":"https:\/\/linitiative.ca\/International\/el-jadida-5-ans-de-prison-pour-un-cambrioleur-de-commerces\/","title":{"rendered":"El Jadida : 5 ans de prison pour un cambrioleur de commerces"},"content":{"rendered":"<header>\n<\/header>\n<div class=\"entry-content clearfix\" readability=\"51\"><img decoding=\"async\" class=\"post_layout_5_img\" src=\"http:\/\/aujourdhui.ma\/wp-content\/uploads\/2016\/02\/Arrestation-police-maroc.jpg?x29840\" alt=\"El Jadida : 5 ans de prison pour un cambrioleur de commerces\"\/><\/p>\n<p class=\"p1\"><span class=\"s1 c4\"><strong>Jug\u00e9 coupable pour vol qualifi\u00e9, coups et blessures \u00e0 l\u2019arme blanche et ivresse, un jeune homme a \u00e9t\u00e9 condamn\u00e9, derni\u00e8rement, par la chambre criminelle pr\u00e8s la Cour d\u2019appel d\u2019El Jadida \u00e0 cinq ans de r\u00e9clusion criminelle.<\/strong><\/span> <span id=\"more-315464\"\/><\/p>\n<p class=\"p1\"><span class=\"s1\">C\u2019est dans la ville d\u2019Azemmour que le mis en cause a \u00e9t\u00e9 surpris par un veilleur de nuit en flagrant d\u00e9lit de cambriolage d\u2019un local \u00e0 usage commercial situ\u00e9 sur la Route de Moulay Boucha\u00efb. Avec l\u2019aide de quelques jeunes, il est arriv\u00e9 \u00e0 l\u2019immobiliser et le garder jusqu\u2019\u00e0 l\u2019arriv\u00e9e de la police. Ce malfrat r\u00e9cidiviste qui \u00e9tait sous l\u2019effet de l\u2019alcool a \u00e9t\u00e9 conduit vers le commissariat pour \u00eatre soumis aux interrogatoires. Au cours de l\u2019enqu\u00eate polici\u00e8re, l\u2019une de ses victimes s\u2019est pr\u00e9sent\u00e9e devant les enqu\u00eateurs pour l\u2019accuser de son agression tout en utilisant un couteau et le vol de son smartphone.<\/span><\/p>\n<p class=\"p1\"><span class=\"s1\">Bien qu\u2019il ait avou\u00e9 ses crimes devant les enqu\u00eateurs, il a ni\u00e9, devant la Cour, les charges retenues contre lui.<\/span><\/p>\n<\/div>\n<p>Auteur: Abderrafii ALOUMLIKI<br \/>\n<a href=\"http:\/\/aujourdhui.ma\/faits-divers\/el-jadida-5-ans-de-prison-pour-un-cambrioleur-de-commerces\">Cliquez ici pour lire l&rsquo;article depuis sa source.<\/a><\/p>\n","protected":false},"excerpt":{"rendered":"<p>Jug\u00e9 coupable pour vol qualifi\u00e9, coups et blessures \u00e0 l\u2019arme blanche et ivresse, un jeune homme a \u00e9t\u00e9 condamn\u00e9, derni\u00e8rement, par la chambre criminelle pr\u00e8s la Cour d\u2019appel d\u2019El Jadida \u00e0 cinq ans de r\u00e9clusion criminelle. C\u2019est dans la ville d\u2019Azemmour que le mis en cause a \u00e9t\u00e9 surpris par un veilleur de nuit en [&hellip;]<\/p>\n","protected":false},"author":1759,"featured_media":0,"comment_status":"closed","ping_status":"closed","sticky":false,"template":"","format":"standard","meta":{"fifu_image_url":"","fifu_image_alt":"","footnotes":""},"categories":[73,54],"tags":[],"class_list":["post-47504","post","type-post","status-publish","format-standard","hentry","category-actualite","category-maroc"],"_links":{"self":[{"href":"https:\/\/linitiative.ca\/International\/wp-json\/wp\/v2\/posts\/47504","targetHints":{"allow":["GET"]}}],"collection":[{"href":"https:\/\/linitiative.ca\/International\/wp-json\/wp\/v2\/posts"}],"about":[{"href":"https:\/\/linitiative.ca\/International\/wp-json\/wp\/v2\/types\/post"}],"author":[{"embeddable":true,"href":"https:\/\/linitiative.ca\/International\/wp-json\/wp\/v2\/users\/1759"}],"replies":[{"embeddable":true,"href":"https:\/\/linitiative.ca\/International\/wp-json\/wp\/v2\/comments?post=47504"}],"version-history":[{"count":0,"href":"https:\/\/linitiative.ca\/International\/wp-json\/wp\/v2\/posts\/47504\/revisions"}],"wp:attachment":[{"href":"https:\/\/linitiative.ca\/International\/wp-json\/wp\/v2\/media?parent=47504"}],"wp:term":[{"taxonomy":"category","embeddable":true,"href":"https:\/\/linitiative.ca\/International\/wp-json\/wp\/v2\/categories?post=47504"},{"taxonomy":"post_tag","embeddable":true,"href":"https:\/\/linitiative.ca\/International\/wp-json\/wp\/v2\/tags?post=47504"}],"curies":[{"name":"wp","href":"https:\/\/api.w.org\/{rel}","templated":true}]}}