{"id":47505,"date":"2019-07-21T04:02:06","date_gmt":"2019-07-21T08:02:06","guid":{"rendered":"https:\/\/linitiative.ca\/International\/les-ateliers-de-latlas-lancent-la-2eme-edition-de-leur-appel-a-projets\/"},"modified":"2019-07-21T04:02:06","modified_gmt":"2019-07-21T08:02:06","slug":"les-ateliers-de-latlas-lancent-la-2eme-edition-de-leur-appel-a-projets","status":"publish","type":"post","link":"https:\/\/linitiative.ca\/International\/les-ateliers-de-latlas-lancent-la-2eme-edition-de-leur-appel-a-projets\/","title":{"rendered":"\u00abLes Ateliers de l\u2019Atlas\u00bb lancent la 2\u00e8me \u00e9dition de leur appel \u00e0 projets"},"content":{"rendered":"<p><img decoding=\"async\" class=\"post_layout_5_img\" src=\"http:\/\/aujourdhui.ma\/wp-content\/uploads\/2018\/06\/fifm.jpg?x29840\" alt=\"\u00abLes Ateliers de l\u2019Atlas\u00bb lancent la 2\u00e8me \u00e9dition de leur appel \u00e0 projets\"\/><\/p>\n<p class=\"p1\"><span class=\"c4\"><strong><em>Un programme organis\u00e9 dans le cadre du Festival international du film de Marrakech<\/em><\/strong><\/span><\/p>\n<div class=\"base-box mom_box_sc_custom mom_box_sc clear c5\" readability=\"11\">\n<p class=\"p1\"><strong><span class=\"s1\"><em>Ce programme est une plate-forme destin\u00e9e \u00e0 la mise en relation des r\u00e9alisateurs du continent africain et de la r\u00e9gion MENA avec des professionnels, pour leur accompagnement dans la pr\u00e9paration de leur 1er, 2\u00e8me ou 3\u00e8me long m\u00e9trage.<\/em><\/span><\/strong><\/p>\n<\/div>\n<p class=\"p2\"><span class=\"s1\">Le programme industrie et d\u00e9veloppement \u00abLes Ateliers de l\u2019Atlas\u00bb, organis\u00e9 dans le cadre du Festival international du film de Marrakech, pr\u00e9vu du 29 novembre au 7 d\u00e9cembre 2019, lance un appel \u00e0 projets en d\u00e9veloppement et en post-production pour des films longs m\u00e9trages de fiction et documentaires cr\u00e9atifs. De ce fait, <em>\u00abhuit projets en d\u00e9veloppement ainsi que six films en montage d\u2019Afrique et de la r\u00e9gion MENA seront s\u00e9lectionn\u00e9s pour participer \u00e0 ce programme, incluant plusieurs projets marocains\u00bb,<\/em> indique le Centre cin\u00e9matographique marocain via son site web. En effet, ces projets b\u00e9n\u00e9ficieront d\u2019une journ\u00e9e de consultations sur mesure d\u2019experts internationaux et de la r\u00e9gion (le 3 d\u00e9cembre) ainsi que de trois journ\u00e9es de r\u00e9unions et rencontres professionnelles (du 4-6 d\u00e9cembre).<\/span><\/p>\n<p class=\"p2\"><span class=\"s1\">Cet appel s\u2019adresse, selon la m\u00eame source, aux r\u00e9alisateurs et producteurs marocains, porteurs d\u2019une carte professionnelle. Dans ce sens, les inscriptions seront cl\u00f4tur\u00e9es pour les projets en d\u00e9veloppement le lundi 9 septembre. En ce qui concerne les projets en post-production, les inscriptions seront cl\u00f4tur\u00e9es le vendredi 20 septembre. Initi\u00e9s en 2018, \u00abLes Ateliers de l\u2019Atlas\u00bb ont pour but l\u2019accompagnement de projets de films et de films en post-production, permettant aux r\u00e9alisateurs une acc\u00e9l\u00e9ration des mises en production, une meilleure connaissance du march\u00e9 et un renforcement de leur network.<\/span><\/p>\n<p class=\"p2\"><span class=\"s1\">Enti\u00e8rement d\u00e9di\u00e9 au cin\u00e9ma d\u2019Afrique et du Moyen-Orient, ce programme est une plate-forme destin\u00e9e \u00e0 la mise en relation des r\u00e9alisateurs du continent africain et de la r\u00e9gion MENA avec des professionnels, pour leur accompagnement dans la pr\u00e9paration de leur 1er, 2\u00e8me ou 3\u00e8me long m\u00e9trage (fiction ou documentaire). A l\u2019issue de ces Ateliers, deux prix seront d\u00e9cern\u00e9s par deux jurys professionnels, un prix au d\u00e9veloppement de 10.000 euros pour le meilleur projet et un prix de 20.000 euros pour un des films en post-production.<\/span><\/p>\n<p>Auteur: Siham Jadraoui<br \/>\n<a href=\"http:\/\/aujourdhui.ma\/culture\/cinema\/les-ateliers-de-latlas-lancent-la-2eme-edition-de-leur-appel-a-projets\">Cliquez ici pour lire l&rsquo;article depuis sa source.<\/a><\/p>\n","protected":false},"excerpt":{"rendered":"<p>Un programme organis\u00e9 dans le cadre du Festival international du film de Marrakech Ce programme est une plate-forme destin\u00e9e \u00e0 la mise en relation des r\u00e9alisateurs du continent africain et de la r\u00e9gion MENA avec des professionnels, pour leur accompagnement dans la pr\u00e9paration de leur 1er, 2\u00e8me ou 3\u00e8me long m\u00e9trage. Le programme industrie et [&hellip;]<\/p>\n","protected":false},"author":1759,"featured_media":0,"comment_status":"closed","ping_status":"closed","sticky":false,"template":"","format":"standard","meta":{"fifu_image_url":"","fifu_image_alt":"","footnotes":""},"categories":[73,54],"tags":[],"class_list":["post-47505","post","type-post","status-publish","format-standard","hentry","category-actualite","category-maroc"],"_links":{"self":[{"href":"https:\/\/linitiative.ca\/International\/wp-json\/wp\/v2\/posts\/47505","targetHints":{"allow":["GET"]}}],"collection":[{"href":"https:\/\/linitiative.ca\/International\/wp-json\/wp\/v2\/posts"}],"about":[{"href":"https:\/\/linitiative.ca\/International\/wp-json\/wp\/v2\/types\/post"}],"author":[{"embeddable":true,"href":"https:\/\/linitiative.ca\/International\/wp-json\/wp\/v2\/users\/1759"}],"replies":[{"embeddable":true,"href":"https:\/\/linitiative.ca\/International\/wp-json\/wp\/v2\/comments?post=47505"}],"version-history":[{"count":0,"href":"https:\/\/linitiative.ca\/International\/wp-json\/wp\/v2\/posts\/47505\/revisions"}],"wp:attachment":[{"href":"https:\/\/linitiative.ca\/International\/wp-json\/wp\/v2\/media?parent=47505"}],"wp:term":[{"taxonomy":"category","embeddable":true,"href":"https:\/\/linitiative.ca\/International\/wp-json\/wp\/v2\/categories?post=47505"},{"taxonomy":"post_tag","embeddable":true,"href":"https:\/\/linitiative.ca\/International\/wp-json\/wp\/v2\/tags?post=47505"}],"curies":[{"name":"wp","href":"https:\/\/api.w.org\/{rel}","templated":true}]}}