{"id":47506,"date":"2019-07-21T04:04:08","date_gmt":"2019-07-21T08:04:08","guid":{"rendered":"https:\/\/linitiative.ca\/International\/grain-milling-expo-du-9-au-11-octobre-a-casablanca\/"},"modified":"2019-07-21T04:04:08","modified_gmt":"2019-07-21T08:04:08","slug":"grain-milling-expo-du-9-au-11-octobre-a-casablanca","status":"publish","type":"post","link":"https:\/\/linitiative.ca\/International\/grain-milling-expo-du-9-au-11-octobre-a-casablanca\/","title":{"rendered":"\u00abGrain &amp; Milling expo\u00bb du 9 au 11 octobre \u00e0 Casablanca"},"content":{"rendered":"<header>\n<\/header>\n<div class=\"entry-content clearfix\" readability=\"44\"><img decoding=\"async\" class=\"post_layout_5_img\" src=\"http:\/\/aujourdhui.ma\/wp-content\/uploads\/2019\/07\/Grain-Milling-expo-casablanca.jpg?x29840\" alt=\"\u00abGrain &#038; Milling expo\u00bb du 9 au 11 octobre \u00e0 Casablanca\"\/><\/p>\n<p class=\"p1\"><span class=\"c4\"><strong>Une nouvelle \u00e9dition de l\u2019\u00e9v\u00e9nement \u00abGrain &#038; Milling expo\u00bb (GME) se tiendra du 9 au 11 octobre \u00e0 l\u2019AMDIE-Foire internationale de Casablanca, \u00e0 l\u2019initiative de la F\u00e9d\u00e9ration nationale de la minoterie (FMN).<\/strong><\/span><span id=\"more-315072\"\/><\/p>\n<p class=\"p1\">Organis\u00e9 sous le th\u00e8me \u00abL\u2019int\u00e9gration comme levier de d\u00e9veloppement de la fili\u00e8re c\u00e9r\u00e9ali\u00e8re\u00bb, cet \u00e9v\u00e9nement bisannuel destin\u00e9 aux professionnels des industries c\u00e9r\u00e9ali\u00e8res au Maroc et en Afrique est consid\u00e9r\u00e9 comme une vitrine d\u2019expositions des nouveaut\u00e9s en mati\u00e8re de produits, d\u2019\u00e9quipement, d\u2019installations et de services, a indiqu\u00e9 la FMN dans un communiqu\u00e9.<\/p>\n<\/div>\n<p>Auteur: ALM<br \/>\n<a href=\"http:\/\/aujourdhui.ma\/economie\/grain-milling-expo-du-9-au-11-octobre-a-casablanca\">Cliquez ici pour lire l&rsquo;article depuis sa source.<\/a><\/p>\n","protected":false},"excerpt":{"rendered":"<p>Une nouvelle \u00e9dition de l\u2019\u00e9v\u00e9nement \u00abGrain &#038; Milling expo\u00bb (GME) se tiendra du 9 au 11 octobre \u00e0 l\u2019AMDIE-Foire internationale de Casablanca, \u00e0 l\u2019initiative de la F\u00e9d\u00e9ration nationale de la minoterie (FMN). Organis\u00e9 sous le th\u00e8me \u00abL\u2019int\u00e9gration comme levier de d\u00e9veloppement de la fili\u00e8re c\u00e9r\u00e9ali\u00e8re\u00bb, cet \u00e9v\u00e9nement bisannuel destin\u00e9 aux professionnels des industries c\u00e9r\u00e9ali\u00e8res au [&hellip;]<\/p>\n","protected":false},"author":1759,"featured_media":0,"comment_status":"closed","ping_status":"closed","sticky":false,"template":"","format":"standard","meta":{"fifu_image_url":"","fifu_image_alt":"","footnotes":""},"categories":[73,54],"tags":[],"class_list":["post-47506","post","type-post","status-publish","format-standard","hentry","category-actualite","category-maroc"],"_links":{"self":[{"href":"https:\/\/linitiative.ca\/International\/wp-json\/wp\/v2\/posts\/47506","targetHints":{"allow":["GET"]}}],"collection":[{"href":"https:\/\/linitiative.ca\/International\/wp-json\/wp\/v2\/posts"}],"about":[{"href":"https:\/\/linitiative.ca\/International\/wp-json\/wp\/v2\/types\/post"}],"author":[{"embeddable":true,"href":"https:\/\/linitiative.ca\/International\/wp-json\/wp\/v2\/users\/1759"}],"replies":[{"embeddable":true,"href":"https:\/\/linitiative.ca\/International\/wp-json\/wp\/v2\/comments?post=47506"}],"version-history":[{"count":0,"href":"https:\/\/linitiative.ca\/International\/wp-json\/wp\/v2\/posts\/47506\/revisions"}],"wp:attachment":[{"href":"https:\/\/linitiative.ca\/International\/wp-json\/wp\/v2\/media?parent=47506"}],"wp:term":[{"taxonomy":"category","embeddable":true,"href":"https:\/\/linitiative.ca\/International\/wp-json\/wp\/v2\/categories?post=47506"},{"taxonomy":"post_tag","embeddable":true,"href":"https:\/\/linitiative.ca\/International\/wp-json\/wp\/v2\/tags?post=47506"}],"curies":[{"name":"wp","href":"https:\/\/api.w.org\/{rel}","templated":true}]}}