{"id":47508,"date":"2019-07-21T04:06:52","date_gmt":"2019-07-21T08:06:52","guid":{"rendered":"https:\/\/linitiative.ca\/International\/apres-essaouira-rachid-benabdellah-expose-a-taroudant\/"},"modified":"2019-07-21T04:06:52","modified_gmt":"2019-07-21T08:06:52","slug":"apres-essaouira-rachid-benabdellah-expose-a-taroudant","status":"publish","type":"post","link":"https:\/\/linitiative.ca\/International\/apres-essaouira-rachid-benabdellah-expose-a-taroudant\/","title":{"rendered":"Apr\u00e8s Essaouira, Rachid  Benabdellah expose \u00e0 Taroudant"},"content":{"rendered":"<header>\n<div class=\"entry-post-meta\">\n<div class=\"author-link\">Publi\u00e9 par <a itemprop=\"author\" itemscope=\"\" itemtype=\"https:\/\/schema.org\/Person\" href=\"http:\/\/aujourdhui.ma\/profile\/kaid\" rel=\"author\"><span itemprop=\"name\">ALM<\/span><\/a><\/div>\n<p>Date\u00a0:<time content=\"2019-07-21T09:06:52+00:00\" class=\"entry-date updated\" datetime=\"2019-07-21T09:06:52+00:00\">juillet 21, 2019<\/time><\/p>\n<div class=\"entry-cat\">dans:<a href=\"http:\/\/aujourdhui.ma\/category\/culture\" rel=\"category tag\">Culture<\/a><\/div>\n<p>2Vues<\/p>\n<\/div>\n<\/header>\n<div class=\"entry-content clearfix\" readability=\"41\"><img decoding=\"async\" class=\"post_layout_5_img\" src=\"http:\/\/aujourdhui.ma\/wp-content\/uploads\/2019\/07\/Rachid-Benabdellah.jpg?x29840\" alt=\"Apr\u00e8s Essaouira, Rachid Benabdellah expose \u00e0 Taroudant\"\/><\/p>\n<p><span class=\"c4\"><strong>L\u2019artiste-peintre marocain Rachid Benabdellah qui vient de prendre part au Festival \u00abC\u0153ur \u00e0 c\u0153ur\u00bb \u00e0 Essaouira aux c\u00f4t\u00e9s d\u2019une centaine d\u2019artistes-peintres dans cette manifestation dont les rentes sont d\u00e9di\u00e9es \u00e0 une bonne cause, d\u00e9voilera ses toiles du 2 au 4 ao\u00fbt le temps d\u2019une exposition \u00e0 Taroudant.<\/strong><\/span> <span id=\"more-315187\"\/>Pour rappel, l\u2019artiste, \u00e9galement connu pour sa trempe philanthropique, a r\u00e9cemment c\u00e9l\u00e9br\u00e9, avec ses partenaires, la f\u00eate de la musique \u00e0 travers une exposition collective d\u00e9di\u00e9e \u00e0 cet art.<\/p>\n<\/div>\n<p>Auteur: ALM<br \/>\n<a href=\"http:\/\/aujourdhui.ma\/culture\/apres-essaouira-rachid-benabdellah-expose-a-taroudant\">Cliquez ici pour lire l&rsquo;article depuis sa source.<\/a><\/p>\n","protected":false},"excerpt":{"rendered":"<p>Publi\u00e9 par ALM Date\u00a0:juillet 21, 2019 dans:Culture 2Vues L\u2019artiste-peintre marocain Rachid Benabdellah qui vient de prendre part au Festival \u00abC\u0153ur \u00e0 c\u0153ur\u00bb \u00e0 Essaouira aux c\u00f4t\u00e9s d\u2019une centaine d\u2019artistes-peintres dans cette manifestation dont les rentes sont d\u00e9di\u00e9es \u00e0 une bonne cause, d\u00e9voilera ses toiles du 2 au 4 ao\u00fbt le temps d\u2019une exposition \u00e0 Taroudant. [&hellip;]<\/p>\n","protected":false},"author":1759,"featured_media":0,"comment_status":"closed","ping_status":"closed","sticky":false,"template":"","format":"standard","meta":{"fifu_image_url":"","fifu_image_alt":"","footnotes":""},"categories":[73,54],"tags":[],"class_list":["post-47508","post","type-post","status-publish","format-standard","hentry","category-actualite","category-maroc"],"_links":{"self":[{"href":"https:\/\/linitiative.ca\/International\/wp-json\/wp\/v2\/posts\/47508","targetHints":{"allow":["GET"]}}],"collection":[{"href":"https:\/\/linitiative.ca\/International\/wp-json\/wp\/v2\/posts"}],"about":[{"href":"https:\/\/linitiative.ca\/International\/wp-json\/wp\/v2\/types\/post"}],"author":[{"embeddable":true,"href":"https:\/\/linitiative.ca\/International\/wp-json\/wp\/v2\/users\/1759"}],"replies":[{"embeddable":true,"href":"https:\/\/linitiative.ca\/International\/wp-json\/wp\/v2\/comments?post=47508"}],"version-history":[{"count":0,"href":"https:\/\/linitiative.ca\/International\/wp-json\/wp\/v2\/posts\/47508\/revisions"}],"wp:attachment":[{"href":"https:\/\/linitiative.ca\/International\/wp-json\/wp\/v2\/media?parent=47508"}],"wp:term":[{"taxonomy":"category","embeddable":true,"href":"https:\/\/linitiative.ca\/International\/wp-json\/wp\/v2\/categories?post=47508"},{"taxonomy":"post_tag","embeddable":true,"href":"https:\/\/linitiative.ca\/International\/wp-json\/wp\/v2\/tags?post=47508"}],"curies":[{"name":"wp","href":"https:\/\/api.w.org\/{rel}","templated":true}]}}