{"id":47510,"date":"2019-07-21T04:12:01","date_gmt":"2019-07-21T08:12:01","guid":{"rendered":"https:\/\/linitiative.ca\/International\/le-4eme-festival-cine-plage-harhoura-se-tiendra-du-23-au-27-juillet-leminent-auteur-salah-el-ouadie-preside-le-jury\/"},"modified":"2019-07-21T04:12:01","modified_gmt":"2019-07-21T08:12:01","slug":"le-4eme-festival-cine-plage-harhoura-se-tiendra-du-23-au-27-juillet-leminent-auteur-salah-el-ouadie-preside-le-jury","status":"publish","type":"post","link":"https:\/\/linitiative.ca\/International\/le-4eme-festival-cine-plage-harhoura-se-tiendra-du-23-au-27-juillet-leminent-auteur-salah-el-ouadie-preside-le-jury\/","title":{"rendered":"Le 4\u00e8me Festival cin\u00e9-plage Harhoura se tiendra du  23 au 27 juillet: L\u2019\u00e9minent auteur Salah El Ouadie pr\u00e9side le jury"},"content":{"rendered":"<p><img decoding=\"async\" class=\"post_layout_5_img\" src=\"http:\/\/aujourdhui.ma\/wp-content\/uploads\/2019\/07\/Festival-cine%CC%81-plage-Harhoura.jpg?x29840\" alt=\"Le 4\u00e8me Festival cin\u00e9-plage Harhoura se tiendra du 23 au 27 juillet: L\u2019\u00e9minent auteur Salah El Ouadie pr\u00e9side le jury\"\/><\/p>\n<p class=\"p1\"><span class=\"c4\"><strong>Le jury du 4\u00e8me Festival cin\u00e9-plage Harhoura, qui se tiendra du 23 au 27 juillet, sera pr\u00e9sid\u00e9 par l\u2019auteur Salah El Ouadie.<\/strong><\/span> <span id=\"more-315097\"\/><\/p>\n<p class=\"p1\">L\u2019annonce est faite par le directeur g\u00e9n\u00e9ral de cette manifestation, Abdelouahed Mjahed, qui indique que <em>\u00able festival a emprunt\u00e9 la bonne voie et initie une \u00e9tape importante en termes de registre cin\u00e9matographique puisqu\u2019il cr\u00e9e un rapport esth\u00e9tique et artistique entre le cin\u00e9ma et la cr\u00e9ativit\u00e9\u00bb.<\/em><\/p>\n<p class=\"p1\">Le responsable pr\u00e9cise \u00e9galement que le festival, organis\u00e9 par l\u2019Association marocaine des arts sans fronti\u00e8res, sera marqu\u00e9 par la participation d\u2019un grand nombre de longs-m\u00e9trages marocains.<\/p>\n<p class=\"p1\">Aux c\u00f4t\u00e9s de l\u2019auteur, \u00e9galement po\u00e8te et chercheur, le r\u00e9alisateur alg\u00e9rien Ahmed Rachdi, l\u2019actrice tunisienne Fatima Saaidane, l\u2019actrice marocaine Fatima Herrandi (Rawya) et le directeur du festival d\u2019Alexandrie Amir Abadah, auront la lourde t\u00e2che de d\u00e9partager ces films.<\/p>\n<p class=\"p1\">De plus, le festival sera marqu\u00e9 par l\u2019organisation de deux conf\u00e9rences consacr\u00e9es \u00e0 la r\u00e9flexion autour du cin\u00e9ma et de la mer. Aussi, des rencontres ouvertes avec des professionnels de cin\u00e9ma jalonneront ce festival dont le programme comprend \u00e9galement des visites, offertes aux participants, \u00e0 plusieurs espaces sociaux et touristiques. Outre la sc\u00e8ne du festival \u00e0 Sidi Abed, une autre sera perch\u00e9e \u00e0 Tamesna. D\u2019ailleurs, le public se verra, \u00e0 son tour, offrir un panorama du cin\u00e9ma marocain.<\/p>\n<p>Auteur: ALM<br \/>\n<a href=\"http:\/\/aujourdhui.ma\/culture\/cinema\/le-4eme-festival-cine-plage-harhoura-se-tiendra-du-23-au-27-juillet-leminent-auteur-salah-el-ouadie-preside-le-jury\">Cliquez ici pour lire l&rsquo;article depuis sa source.<\/a><\/p>\n","protected":false},"excerpt":{"rendered":"<p>Le jury du 4\u00e8me Festival cin\u00e9-plage Harhoura, qui se tiendra du 23 au 27 juillet, sera pr\u00e9sid\u00e9 par l\u2019auteur Salah El Ouadie. L\u2019annonce est faite par le directeur g\u00e9n\u00e9ral de cette manifestation, Abdelouahed Mjahed, qui indique que \u00able festival a emprunt\u00e9 la bonne voie et initie une \u00e9tape importante en termes de registre cin\u00e9matographique puisqu\u2019il [&hellip;]<\/p>\n","protected":false},"author":1759,"featured_media":0,"comment_status":"closed","ping_status":"closed","sticky":false,"template":"","format":"standard","meta":{"fifu_image_url":"","fifu_image_alt":"","footnotes":""},"categories":[73,54],"tags":[],"class_list":["post-47510","post","type-post","status-publish","format-standard","hentry","category-actualite","category-maroc"],"_links":{"self":[{"href":"https:\/\/linitiative.ca\/International\/wp-json\/wp\/v2\/posts\/47510","targetHints":{"allow":["GET"]}}],"collection":[{"href":"https:\/\/linitiative.ca\/International\/wp-json\/wp\/v2\/posts"}],"about":[{"href":"https:\/\/linitiative.ca\/International\/wp-json\/wp\/v2\/types\/post"}],"author":[{"embeddable":true,"href":"https:\/\/linitiative.ca\/International\/wp-json\/wp\/v2\/users\/1759"}],"replies":[{"embeddable":true,"href":"https:\/\/linitiative.ca\/International\/wp-json\/wp\/v2\/comments?post=47510"}],"version-history":[{"count":0,"href":"https:\/\/linitiative.ca\/International\/wp-json\/wp\/v2\/posts\/47510\/revisions"}],"wp:attachment":[{"href":"https:\/\/linitiative.ca\/International\/wp-json\/wp\/v2\/media?parent=47510"}],"wp:term":[{"taxonomy":"category","embeddable":true,"href":"https:\/\/linitiative.ca\/International\/wp-json\/wp\/v2\/categories?post=47510"},{"taxonomy":"post_tag","embeddable":true,"href":"https:\/\/linitiative.ca\/International\/wp-json\/wp\/v2\/tags?post=47510"}],"curies":[{"name":"wp","href":"https:\/\/api.w.org\/{rel}","templated":true}]}}