{"id":47511,"date":"2019-07-21T10:31:05","date_gmt":"2019-07-21T14:31:05","guid":{"rendered":"https:\/\/linitiative.ca\/International\/herve-renard-demissionne\/"},"modified":"2019-07-21T10:31:05","modified_gmt":"2019-07-21T14:31:05","slug":"herve-renard-demissionne","status":"publish","type":"post","link":"https:\/\/linitiative.ca\/International\/herve-renard-demissionne\/","title":{"rendered":"Herv\u00e9 Renard d\u00e9missionne"},"content":{"rendered":"<header>\n<div class=\"entry-post-meta\">\n<div class=\"author-link\">Publi\u00e9 par <a itemprop=\"author\" itemscope=\"\" itemtype=\"https:\/\/schema.org\/Person\" href=\"http:\/\/aujourdhui.ma\/profile\/kaid\" rel=\"author\"><span itemprop=\"name\">ALM<\/span><\/a><\/div>\n<p>Date\u00a0:<time content=\"2019-07-21T15:31:05+00:00\" class=\"entry-date updated\" datetime=\"2019-07-21T15:31:05+00:00\">juillet 21, 2019<\/time><\/p>\n<div class=\"entry-cat\">dans:<a href=\"http:\/\/aujourdhui.ma\/category\/sports\" rel=\"category tag\">Sports<\/a>, <a href=\"http:\/\/aujourdhui.ma\/category\/une\" rel=\"category tag\">Une<\/a><\/div>\n<p>0 Vues<\/p>\n<\/div>\n<\/header>\n<div class=\"entry-content clearfix\" readability=\"58\"><img decoding=\"async\" class=\"post_layout_5_img\" src=\"http:\/\/aujourdhui.ma\/wp-content\/uploads\/2018\/10\/Herve-Renard.jpg?x29840\" alt=\"Herv\u00e9 Renard d\u00e9missionne\"\/><\/p>\n<p><span class=\"c4\"><strong>Ce n\u2019est plus une rumeur, Herv\u00e9 Renard quitte officiellement le Maroc donnant ainsi fin \u00e0 41 mois d\u2019exercice en tant que s\u00e9lectionneur national. L\u2019an- nonce a \u00e9t\u00e9 faite par le coach lui-m\u00eame.<\/strong><\/span><span id=\"more-315473\"\/><\/p>\n<p>Sur ses diff\u00e9rents comptes r\u00e9seaux sociaux, Herv\u00e9 Renard confirme son d\u00e9part avec beaucoup d\u2019\u00e9motion. \u00abLe Maroc restera toujours pour moi un pays avec lequel j\u2019ai v\u00e9cu d\u2019incroyables \u00e9motions et avec lequel je serai rest\u00e9 li\u00e9 le plus longtemps en continu \u00e0 ce jour. Il est temps pour moi de clore ce long et beau chapitre de ma vie, non sans une certaine \u00e9motion et tristesse, mais c\u2019est une d\u00e9cision in\u00e9luctable prise bien avant la CAN 2019\u00bb, peut-on lire dans son message.<\/p>\n<p>Herv\u00e9 Renard souligne par ailleurs que Faouzi Lekjaa, pr\u00e9sident de la F\u00e9d\u00e9ration royale marocaine de football, s\u2019est engag\u00e9 contractuellement \u00e0 respecter la d\u00e9cision irr\u00e9versible de Herv\u00e9 Renard.<\/p>\n<p>Malgr\u00e9 la d\u00e9faite \u00e0 la CAN, la vision d\u2019Herv\u00e9 Renard a permis de hisser la s\u00e9lection nationale aux meilleurs rangs. Outre son classement \u00e0 la 47\u00e8me place \u00e0 la Fifa, la s\u00e9lection nationale a atteint \u00e0 deux reprises le deuxi\u00e8me tour de la CAN dont un quart de finale, une performance qui n\u2019a pas \u00e9t\u00e9 atteinte depuis 2004.<\/p>\n<\/div>\n<p>Auteur: ALM<br \/>\n<a href=\"http:\/\/aujourdhui.ma\/une\/herve-renard-demissionne\">Cliquez ici pour lire l&rsquo;article depuis sa source.<\/a><\/p>\n","protected":false},"excerpt":{"rendered":"<p>Publi\u00e9 par ALM Date\u00a0:juillet 21, 2019 dans:Sports, Une 0 Vues Ce n\u2019est plus une rumeur, Herv\u00e9 Renard quitte officiellement le Maroc donnant ainsi fin \u00e0 41 mois d\u2019exercice en tant que s\u00e9lectionneur national. L\u2019an- nonce a \u00e9t\u00e9 faite par le coach lui-m\u00eame. Sur ses diff\u00e9rents comptes r\u00e9seaux sociaux, Herv\u00e9 Renard confirme son d\u00e9part avec beaucoup [&hellip;]<\/p>\n","protected":false},"author":1759,"featured_media":0,"comment_status":"closed","ping_status":"closed","sticky":false,"template":"","format":"standard","meta":{"fifu_image_url":"","fifu_image_alt":"","footnotes":""},"categories":[73,54],"tags":[],"class_list":["post-47511","post","type-post","status-publish","format-standard","hentry","category-actualite","category-maroc"],"_links":{"self":[{"href":"https:\/\/linitiative.ca\/International\/wp-json\/wp\/v2\/posts\/47511","targetHints":{"allow":["GET"]}}],"collection":[{"href":"https:\/\/linitiative.ca\/International\/wp-json\/wp\/v2\/posts"}],"about":[{"href":"https:\/\/linitiative.ca\/International\/wp-json\/wp\/v2\/types\/post"}],"author":[{"embeddable":true,"href":"https:\/\/linitiative.ca\/International\/wp-json\/wp\/v2\/users\/1759"}],"replies":[{"embeddable":true,"href":"https:\/\/linitiative.ca\/International\/wp-json\/wp\/v2\/comments?post=47511"}],"version-history":[{"count":0,"href":"https:\/\/linitiative.ca\/International\/wp-json\/wp\/v2\/posts\/47511\/revisions"}],"wp:attachment":[{"href":"https:\/\/linitiative.ca\/International\/wp-json\/wp\/v2\/media?parent=47511"}],"wp:term":[{"taxonomy":"category","embeddable":true,"href":"https:\/\/linitiative.ca\/International\/wp-json\/wp\/v2\/categories?post=47511"},{"taxonomy":"post_tag","embeddable":true,"href":"https:\/\/linitiative.ca\/International\/wp-json\/wp\/v2\/tags?post=47511"}],"curies":[{"name":"wp","href":"https:\/\/api.w.org\/{rel}","templated":true}]}}