{"id":47512,"date":"2019-07-21T05:51:37","date_gmt":"2019-07-21T09:51:37","guid":{"rendered":"https:\/\/linitiative.ca\/International\/hamzaoui-abdelmalek-sort-les-maitres-de-lart-de-loubli\/"},"modified":"2019-07-21T05:51:37","modified_gmt":"2019-07-21T09:51:37","slug":"hamzaoui-abdelmalek-sort-les-maitres-de-lart-de-loubli","status":"publish","type":"post","link":"https:\/\/linitiative.ca\/International\/hamzaoui-abdelmalek-sort-les-maitres-de-lart-de-loubli\/","title":{"rendered":"Hamzaoui Abdelmalek sort les ma\u00eetres de l\u2019art de l\u2019oubli"},"content":{"rendered":"<p class=\"c4\"><span class=\"c3\"><strong><span class=\"c2\">L<\/span>e chercheur et \u00e9crivain Hamzaoui Abdelmalek vient de publier un nouveau livre sur les figures de proue de la chanson amazighe. \u00abLes inoubliables\u00bb est l\u2019intitul\u00e9 de ce nouveau n\u00e9 qui\u00a0 vient d\u2019enrichir la biblioth\u00e8que marocaine.<\/strong><\/span><\/p>\n<p class=\"c4\">Le livre a \u00e9t\u00e9 bien accueilli par les critiques et les f\u00e9rus de la musique amazighe. \u00abUn ouvrage de r\u00e9f\u00e9rence qui nous livre le parcours de dizaines d\u2019artistes amazighes, du Centre, du Nord et du Sud, un travail qui force notre respect. Car, r\u00e9alis\u00e9 avec endurance et t\u00e9nacit\u00e9. C\u2019est une publication qui sauve de l\u2019oubli un pan de notre m\u00e9moire collective amazighe. Un travail de terrain. L\u2019auteur a parcouru des dizaines de kilom\u00e8tres pour rencontrer et interviewer les acteurs de son livre, et pour ceux qui ne sont plus parmi nous, il a multipli\u00e9 les t\u00e9moignages, des membres de la famille des d\u00e9funts et de leurs amis\u00bb, a \u00e9crit sur le livre le chercheur et acteur amazigh, Moha Moukhlis.<\/p>\n<p class=\"c4\">L\u2019auteur du livre a d\u00e9j\u00e0\u00a0 consacr\u00e9 un livre retra\u00e7ant la vie et le parcours artistique du chanteur\u00a0 Mohamed Rouicha, ainsi qu\u2019une dizaine d\u2019articles pour de nombreuses figures embl\u00e9matiques du chant, du rythme et de la musique amazighs. Incontestablement, Hamzaoui est un ind\u00e9boulonnable, t\u00eatu, qui offre sa vie pour la sauvegarde d\u2019un patrimoine immat\u00e9riel. Convaincu par son t\u00e9moignage \u00e9crit, l\u2019auteur multiplie les arguments et souligne la n\u00e9cessit\u00e9 de r\u00e9habiliter ce tr\u00e9sor national\u00bb, ajoute Moukhlis.<\/p>\n<p class=\"c4\">Pour Michael Peyron, professeur\u00a0 d\u2019Histoire et de Culture amazighe, Les ma\u00eetres du chant amazigh.(2016), d\u2019Abdelmalek Hamzaoui, ce recueil traite des po\u00e8tes amazighes d\u2019une r\u00e9gion du Maroc central longtemps connue sous le nom de Fazaz \u2013 \u00e9quivalent en gros \u00e0 la partie occidentale du Moyen-Atlas. \u00abIl s\u2019agit l\u00e0 d\u2019un champ po\u00e9tico-musical devenu un parent pauvre compar\u00e9 \u00e0 d\u2019autres formes marocaines (musique andalouse, melhun, Gnaoua, Hamdacha, \u2018Aissaoua, etc.), qui tiennent peut-\u00eatre un peu trop facilement la vedette\u00bb, a-t-il fait savoir. Pour lui, \u00abla production du Fazaz m\u00e9ritait, \u00e0 n\u2019en point douter, de sortir ainsi de l\u2019anonymat relatif o\u00f9 une partie de l\u2019opinion publique l\u2019avait rejet\u00e9e\u00bb.<\/p>\n<p class=\"c4\">A travers ce livre, Hamzaoui Abdelmalek d\u00e9voile au grand lecteur les tr\u00e9sors de la musique amazighe, ses particularit\u00e9s, ses instruments, mais aussi et surtout ses voix. Dans ce livre,\u00a0 l\u2019auteur, pr\u00e9cise Michael Peyron dans pr\u00e9face,\u00a0 fait le point sur les diff\u00e9rents musiciens, trouv\u00e8res (incadden) et troubadours (imdyazn) \u2013fervents et obscurs magiciens du lutar et de l\u2019allun, largement ignor\u00e9s du grand public marocain \u2013 qui ont contribu\u00e9 \u00e0 la renomm\u00e9e du Fazaz depuis les ann\u00e9es 1960. \u00abEnviron quarante artistes y font l\u2019objet d\u2019une description d\u00e9taill\u00e9e. Chaque rubrique comprend une biographie succincte retra\u00e7ant les origines et aspirations, ainsi que le parcours de l\u2019artiste; les titres de ses principales chansons (voire des extraits entiers); des facsimiles de documents d\u2019identit\u00e9; des clich\u00e9s en noir et blanc surtout, o\u00f9 l\u2019auteur lui-m\u00eame est souvent photographi\u00e9 en compagnie de tel ou tel protagoniste\u00bb, a-t-il soulign\u00e9.<\/p>\n<p class=\"c4\">Car, d\u2019apr\u00e8s lui,\u00a0 il convient de pr\u00e9ciser que, pendant des semaines et des mois ce chercheur infatigable, lui-m\u00eame bas\u00e9 \u00e0 El Hajeb, a parcouru le pays amazigh \u00e0 la rencontre de ces artistes m\u00e9connus; a tenu \u00e0 s\u2019entretenir avec chacun d\u2019entre eux. Par ce livre, l\u2019auteur \u0153uvre pour la conservation d\u2019une partie la m\u00e9moire musicale marocaine par le bais de l\u2019\u00e9criture.<\/p>\n<p class=\"c5\"><strong>Mohamed Nait Youssef<\/strong><\/p>\n<p>Auteur: M&rsquo;hammed rahal<br \/>\n<a href=\"http:\/\/albayane.press.ma\/hamzaoui-abdelmalek-sort-les-maitres-de-lart-de-loubli.html\">Cliquez ici pour lire l&rsquo;article depuis sa source.<\/a><\/p>\n","protected":false},"excerpt":{"rendered":"<p>Le chercheur et \u00e9crivain Hamzaoui Abdelmalek vient de publier un nouveau livre sur les figures de proue de la chanson amazighe. \u00abLes inoubliables\u00bb est l\u2019intitul\u00e9 de ce nouveau n\u00e9 qui\u00a0 vient d\u2019enrichir la biblioth\u00e8que marocaine. Le livre a \u00e9t\u00e9 bien accueilli par les critiques et les f\u00e9rus de la musique amazighe. \u00abUn ouvrage de r\u00e9f\u00e9rence [&hellip;]<\/p>\n","protected":false},"author":1760,"featured_media":0,"comment_status":"closed","ping_status":"closed","sticky":false,"template":"","format":"standard","meta":{"fifu_image_url":"","fifu_image_alt":"","footnotes":""},"categories":[73,54],"tags":[],"class_list":["post-47512","post","type-post","status-publish","format-standard","hentry","category-actualite","category-maroc"],"_links":{"self":[{"href":"https:\/\/linitiative.ca\/International\/wp-json\/wp\/v2\/posts\/47512","targetHints":{"allow":["GET"]}}],"collection":[{"href":"https:\/\/linitiative.ca\/International\/wp-json\/wp\/v2\/posts"}],"about":[{"href":"https:\/\/linitiative.ca\/International\/wp-json\/wp\/v2\/types\/post"}],"author":[{"embeddable":true,"href":"https:\/\/linitiative.ca\/International\/wp-json\/wp\/v2\/users\/1760"}],"replies":[{"embeddable":true,"href":"https:\/\/linitiative.ca\/International\/wp-json\/wp\/v2\/comments?post=47512"}],"version-history":[{"count":0,"href":"https:\/\/linitiative.ca\/International\/wp-json\/wp\/v2\/posts\/47512\/revisions"}],"wp:attachment":[{"href":"https:\/\/linitiative.ca\/International\/wp-json\/wp\/v2\/media?parent=47512"}],"wp:term":[{"taxonomy":"category","embeddable":true,"href":"https:\/\/linitiative.ca\/International\/wp-json\/wp\/v2\/categories?post=47512"},{"taxonomy":"post_tag","embeddable":true,"href":"https:\/\/linitiative.ca\/International\/wp-json\/wp\/v2\/tags?post=47512"}],"curies":[{"name":"wp","href":"https:\/\/api.w.org\/{rel}","templated":true}]}}