{"id":47513,"date":"2019-07-21T06:02:22","date_gmt":"2019-07-21T10:02:22","guid":{"rendered":"https:\/\/linitiative.ca\/International\/prison-a-perpetuite-pour-el-chapo\/"},"modified":"2019-07-21T06:02:22","modified_gmt":"2019-07-21T10:02:22","slug":"prison-a-perpetuite-pour-el-chapo","status":"publish","type":"post","link":"https:\/\/linitiative.ca\/International\/prison-a-perpetuite-pour-el-chapo\/","title":{"rendered":"Prison \u00e0 perp\u00e9tuit\u00e9 pour \u00abEl Chapo\u00bb"},"content":{"rendered":"<p class=\"c4\"><span class=\"c3\"><em><span class=\"c2\"><strong>C<\/strong><\/span>ette fois est-elle la bonne? On verra\u2026 Quoiqu\u2019il en soit, ce mercredi 17 Juillet et apr\u00e8s deux \u00e9vasions et son extradition vers les Etats-Unis en Janvier 2017 par le pr\u00e9sident mexicain Enrique Pena Nieto, Joachin Guzman, dit \u00abEl Chapo\u00bb (le courtaud) du fait de sa petite taille (1,62), mais qui reste, \u00e0 ce jour, le narco-trafiquant le plus puissant depuis 1993 et la fin du r\u00e8gne du colombien Pablo Escobar, a \u00e9t\u00e9 condamn\u00e9, par le juge f\u00e9d\u00e9ral Brian Cogan du tribunal de New York, \u00e0 la perp\u00e9tuit\u00e9, pour les chefs d\u2019accusation dont il avait \u00e9t\u00e9 reconnu coupable le 12 F\u00e9vrier dernier, assortie de 30 ann\u00e9es d\u2019emprisonnement suppl\u00e9mentaires en application des r\u00e9quisitions du procureur pour utilisation d\u2019armes automatiques.<\/em><\/span><\/p>\n<p class=\"c4\">Dans son r\u00e9quisitoire avant le prononc\u00e9 de la peine, le procureur f\u00e9d\u00e9ral de Brooklyn, Richard Donoghue, a affirm\u00e9 que \u00ables preuves accablantes pr\u00e9sent\u00e9es lors du proc\u00e8s ont montr\u00e9 que Joachin Guzman \u00e9tait le chef impitoyable et sanguinaire du cartel de Sinaloa\u00bb.<\/p>\n<p class=\"c4\">Mais le parcours de celui qui avait d\u00e9but\u00e9 en travaillant dans les champs de cannabis de sa r\u00e9gion d\u2019origine et qui s\u2019\u00e9tait \u00e9vad\u00e9 de mani\u00e8re spectaculaire des prisons de son pays en 2011 et en 2015 semble bien \u00eatre sur le point de s\u2019arr\u00eater derri\u00e8re les murs de l\u2019Administrative Maximum Facility, un complexe p\u00e9nitentiaire de tr\u00e8s haute s\u00e9curit\u00e9 situ\u00e9e \u00e0 Florence dans le Colorado surnomm\u00e9 \u00abl\u2019Alcatraz des Rocheuses\u00bb et qui avait d\u00e9j\u00e0 eu comme c\u00e9l\u00e8bres pensionnaires Terry Nichols pour son implication dans l\u2019attentat d\u2019Oklahoma City puis le fran\u00e7ais Zakarias Moussaoui suite \u00e0 sa participation \u00e0 la pr\u00e9paration des attentats du 11 Septembre.<\/p>\n<p class=\"c4\">Mais \u00e0 en croire \u00abEl Chapo\u00bb qui, avant l\u2019ouverture de l\u2019audience de ce mercredi, s\u2019est exprim\u00e9 pour la premi\u00e8re fois depuis son extradition, \u00abla justice n\u2019a pas \u00e9t\u00e9 rendue\u00bb puisqu\u2019il aurait \u00e9t\u00e9 priv\u00e9 d\u2019un proc\u00e8s \u00e9quitable et \u00abtortur\u00e9 physiquement, psychologiquement et mentalement 24 heures par jour\u00bb.<\/p>\n<p class=\"c4\">Le tribunal de New York qui lui reproche d\u2019avoir d\u00e9vers\u00e9 sur le territoire des Etats-Unis plus de 1.200 tonnes de coca\u00efne sur une p\u00e9riode de trente ann\u00e9es, lui a \u00e9galement inflig\u00e9 une amende de 12,6 milliards de dollars; somme qui correspondrait, en gros, aux b\u00e9n\u00e9fices qu\u2019il aurait tir\u00e9s de ce juteux trafic.<\/p>\n<p class=\"c4\">Le patron du cartel de Sinaloa a, \u00e9galement,\u00a0 \u00e9t\u00e9 reconnu coupable d\u2019avoir ordonn\u00e9 l\u2019assassinat et parfois m\u00eame tu\u00e9 de ses propres mains apr\u00e8s les avoir tortur\u00e9s, au moins 26 personnes auxquelles il reprochait d\u2019\u00eatre des policiers, des informateurs, des collaborateurs ou tout simplement des trafiquants appartenant \u00e0 des organisations rivales\u2026<\/p>\n<p class=\"c4\">Enfin, ce qui a caus\u00e9 la perte de Joachin Guzman reste, sans conteste, ce d\u00e9sir de notori\u00e9t\u00e9 qui l\u2019avait conduit \u00e0 se rendre \u00e0 des rendez-vous galants pour rencontrer Kate Del Castillo, la star des s\u00e9ries t\u00e9l\u00e9, et m\u00eame \u00e0 faire des projets de \u00abbiopic\u00bb (film biographique) avec le c\u00e9l\u00e8bre com\u00e9dien Sean Penn.<\/p>\n<p class=\"c4\">Mais ce n\u2019est ni avec l\u2019arrestation d\u2019El Chapo ni avec sa condamnation \u2013 m\u00eame pour un emprisonnement\u00a0 \u00ab\u00e0 vie\u00bb \u2013 que va s\u2019arr\u00eater ou simplement diminuer le trafic de drogues transfrontalier d\u2019abord parce que le cartel est, d\u00e9sormais, entre les mains d\u2019Ismael Zambada dit \u00abEl Mayo\u00bb, \u00e2g\u00e9 de 71 ans, qui, \u00e0 ce jour, n\u2019a pas encore pass\u00e9 une seule nuit derri\u00e8re les barreaux tant l\u2019homme est discret contrairement \u00e0 son pr\u00e9d\u00e9cesseur puis parce que \u00ables structures sont intactes\u00bb; qu\u2019elles aient trait \u00e0 la production (coca\u00efne en Colombie et h\u00e9ro\u00efne au Mexique), au transport (\u00e0 travers l\u2019Am\u00e9rique Centrale et les Cara\u00efbes) ou encore aux m\u00e9canismes financiers de blanchiment. Alors, attendons pour voir\u2026<\/p>\n<p class=\"c5\"><strong>Nabil El Bousaadi<\/strong><\/p>\n<p>Auteur: M&rsquo;hammed rahal<br \/>\n<a href=\"http:\/\/albayane.press.ma\/prison-a-perpetuite-pour-el-chapo.html\">Cliquez ici pour lire l&rsquo;article depuis sa source.<\/a><\/p>\n","protected":false},"excerpt":{"rendered":"<p>Cette fois est-elle la bonne? On verra\u2026 Quoiqu\u2019il en soit, ce mercredi 17 Juillet et apr\u00e8s deux \u00e9vasions et son extradition vers les Etats-Unis en Janvier 2017 par le pr\u00e9sident mexicain Enrique Pena Nieto, Joachin Guzman, dit \u00abEl Chapo\u00bb (le courtaud) du fait de sa petite taille (1,62), mais qui reste, \u00e0 ce jour, le [&hellip;]<\/p>\n","protected":false},"author":1760,"featured_media":0,"comment_status":"closed","ping_status":"closed","sticky":false,"template":"","format":"standard","meta":{"fifu_image_url":"","fifu_image_alt":"","footnotes":""},"categories":[73,54],"tags":[],"class_list":["post-47513","post","type-post","status-publish","format-standard","hentry","category-actualite","category-maroc"],"_links":{"self":[{"href":"https:\/\/linitiative.ca\/International\/wp-json\/wp\/v2\/posts\/47513","targetHints":{"allow":["GET"]}}],"collection":[{"href":"https:\/\/linitiative.ca\/International\/wp-json\/wp\/v2\/posts"}],"about":[{"href":"https:\/\/linitiative.ca\/International\/wp-json\/wp\/v2\/types\/post"}],"author":[{"embeddable":true,"href":"https:\/\/linitiative.ca\/International\/wp-json\/wp\/v2\/users\/1760"}],"replies":[{"embeddable":true,"href":"https:\/\/linitiative.ca\/International\/wp-json\/wp\/v2\/comments?post=47513"}],"version-history":[{"count":0,"href":"https:\/\/linitiative.ca\/International\/wp-json\/wp\/v2\/posts\/47513\/revisions"}],"wp:attachment":[{"href":"https:\/\/linitiative.ca\/International\/wp-json\/wp\/v2\/media?parent=47513"}],"wp:term":[{"taxonomy":"category","embeddable":true,"href":"https:\/\/linitiative.ca\/International\/wp-json\/wp\/v2\/categories?post=47513"},{"taxonomy":"post_tag","embeddable":true,"href":"https:\/\/linitiative.ca\/International\/wp-json\/wp\/v2\/tags?post=47513"}],"curies":[{"name":"wp","href":"https:\/\/api.w.org\/{rel}","templated":true}]}}