{"id":47514,"date":"2019-07-21T06:13:55","date_gmt":"2019-07-21T10:13:55","guid":{"rendered":"https:\/\/linitiative.ca\/International\/fouzi-lekjaa-designe-2eme-vice-president-de-la-caf\/"},"modified":"2019-07-21T06:13:55","modified_gmt":"2019-07-21T10:13:55","slug":"fouzi-lekjaa-designe-2eme-vice-president-de-la-caf","status":"publish","type":"post","link":"https:\/\/linitiative.ca\/International\/fouzi-lekjaa-designe-2eme-vice-president-de-la-caf\/","title":{"rendered":"Fouzi Lekjaa d\u00e9sign\u00e9 2\u00e8me vice-pr\u00e9sident de la CAF"},"content":{"rendered":"<p class=\"c4\"><strong><span class=\"c2\">L<\/span><span class=\"c3\">e football marocain est mont\u00e9 en grade au sein de la Conf\u00e9d\u00e9ration africaine de la discipline. Le pr\u00e9sident de la F\u00e9d\u00e9ration royale marocaine de football, Fouzi Lekjaa, venait d\u2019\u00eatre nomm\u00e9 2\u00e8me vice-pr\u00e9sident de la\u00a0 premi\u00e8re instance dirigeante du football dans le Continent.<\/span><\/strong><\/p>\n<p class=\"c4\">En marge de la CAN 2019, le comit\u00e9 ex\u00e9cutif de la CAF, r\u00e9uni jeudi au Caire dans une s\u00e9ance cons\u00e9cutive \u00e0 l\u2019Assembl\u00e9e g\u00e9n\u00e9rale de la Conf\u00e9d\u00e9ration en pr\u00e9sence du pr\u00e9sident de la Fifa, Gianni Infantino, a d\u00e9cid\u00e9 le renouvellement de six si\u00e8ges portant sur\u00a0 les responsabilit\u00e9s et les missions de ses membres dirigeants notamment ceux occupant les postes de vice-pr\u00e9sidents. Fouzi Lekjaa, pr\u00e9sident de la FRMF, en est un.<\/p>\n<p class=\"c4\">C\u2019est une bonne chose pour le football national avec ce nouveau poste de Lekja\u00e2 qui avait atterri au Comit\u00e9 ex\u00e9cutif de la CAF, avec un poste de 3\u00e8me vice-pr\u00e9sident, au terme l\u2019Assembl\u00e9e g\u00e9n\u00e9rale de l\u2019instance continentale de mars 2017. Des changements de tailles ont \u00e9t\u00e9 \u00e9galement effectu\u00e9s avec le nouveau pr\u00e9sident, le Malgache Ahmad Ahmad, succ\u00e9dant \u00e0 son homologue, le Camerounais Issa Hayatou, parti apr\u00e8s 29 ans de r\u00e8gnes depuis son \u00e9lection en 1988 \u00e0 Casablanca en marge de la CAN de cette ann\u00e9e organis\u00e9e au Maroc mais sans aucun membre influent du football national au bureau de la CAF \u00e0 l\u2019exception de Sa\u00efd Belkhayat, l\u2019ancien pr\u00e9sident du MAS.<\/p>\n<p class=\"c4\">Aujourd\u2019hui, c\u2019est autour du pr\u00e9sident de la RSB, Fouzi Lekja\u00e2, de faire le jeu avec un poste plus important notamment dans ces moments chauds pour le patron de la FRMF qui subit le complot d\u2019une plainte de la F\u00e9d\u00e9ration \u00e9thiopienne de football pour \u00abagression suppos\u00e9e\u00bb envers l\u2019arbitre Bamelak Tessema du match de son club contre le Zamalek-Berkane en finale de la Coupe de la CAF, remport\u00e9e par la formation \u00e9gyptienne.<\/p>\n<p class=\"c4\">En attendant que les choses se clarifient encore plus, le comit\u00e9 ex\u00e9cutif de la CAF a jug\u00e9 utile de faire monter en garde, Fouzi Lekja\u00e2 qui a \u00e9t\u00e9 remplac\u00e9 dans son poste pr\u00e9c\u00e9dent de 3<sup>e<\/sup> vice-pr\u00e9sident par le Sud-africain Danny Jordan alors que le Congolais Constant Amari a \u00e9t\u00e9 nomm\u00e9 1<sup>er<\/sup> vice-pr\u00e9sident. Ce dernier a \u00e9t\u00e9 \u00e9galement port\u00e9 \u00e0 la t\u00eate de la commission d\u2019organisation des comp\u00e9titions interclubs, en remplacement du Tunisien Tarek Bouchamaoui.<\/p>\n<p class=\"c4\">Les changements ont concern\u00e9 \u00e9galement le patron de la CAF, Ahmad Ahmad, qui est d\u00e9sormais le pr\u00e9sident de la Commission d\u2019organisation de la Coupe d\u2019Afrique des Nations et qui est \u00e9paul\u00e9 par deux grandes stars du football continental, le Camerounais Sammuel Eto\u2019o et l\u2019Ivoirien Didier Drogba, choisis pour devenir ses collaborateurs officiels.<\/p>\n<p class=\"c4\">Ce sont l\u00e0 en gros les renouvellements \u00e0 la CAF\u00a0 que le pr\u00e9sident malgache a effectu\u00e9s \u00e0 une quinzaine de jours du d\u00e9but de la mission de la Fifa de supervision de l\u2019instance continentale en crise. Ahmad Ahmad pense qu\u2019il a r\u00e9organis\u00e9 son bureau pour que ce soit beaucoup plus efficace, comme a fait savoir l\u2019Assembl\u00e9e g\u00e9n\u00e9rale de la CAF au Caire.<\/p>\n<p class=\"c4\">Attendons donc confirmation par cette CAF, new-look, qui se pr\u00e9pare \u00e0 une nouvelle vie \u00e0 partir du 1er ao\u00fbt, jour du d\u00e9but de la mission, pour un mandat de six mois renouvelable, de la N.2 de la Fifa Fatma Samoura pour superviser son fonctionnement. \u00a0Ce qui est une sorte de \u00abmise sous tutelle\u00bb in\u00e9dite. Cela m\u00eame si le plan de partenariat entre les deux instances, sign\u00e9 \u00e0 cette occasion par ses deux pr\u00e9sidents, pr\u00e9voit de larges domaines de coop\u00e9ration, relevant des volets financiers, administratifs, commerciaux, en plus des comp\u00e9titions et l\u2019arbitrage qui laisse toujours \u00e0 d\u00e9sirer\u2026<\/p>\n<p class=\"c4\">Mais, ce qui reste s\u00fbr et certain pour le moment c\u2019est la CAF vit \u00abune situation tr\u00e8s grave\u00bb, comme a fait savoir son pr\u00e9sident qui s\u2019est dit\u00a0: \u00ablorsque j\u2019ai un probl\u00e8me \u00e0 la maison, mes cris vont chez les parents \u00e0 la maison m\u00e8re qui reste la Fifa\u00bb\u2026<\/p>\n<p class=\"c4\">Que les choses soient bien rectifi\u00e9es pour le bien du football africain\u2026<\/p>\n<p class=\"c5\"><strong>Rachid Lebchir<\/strong><\/p>\n<p>Auteur: M&rsquo;hammed rahal<br \/>\n<a href=\"http:\/\/albayane.press.ma\/fouzi-lekjaa-designe-2eme-vice-president-de-la-caf.html\">Cliquez ici pour lire l&rsquo;article depuis sa source.<\/a><\/p>\n","protected":false},"excerpt":{"rendered":"<p>Le football marocain est mont\u00e9 en grade au sein de la Conf\u00e9d\u00e9ration africaine de la discipline. Le pr\u00e9sident de la F\u00e9d\u00e9ration royale marocaine de football, Fouzi Lekjaa, venait d\u2019\u00eatre nomm\u00e9 2\u00e8me vice-pr\u00e9sident de la\u00a0 premi\u00e8re instance dirigeante du football dans le Continent. En marge de la CAN 2019, le comit\u00e9 ex\u00e9cutif de la CAF, r\u00e9uni [&hellip;]<\/p>\n","protected":false},"author":1760,"featured_media":0,"comment_status":"closed","ping_status":"closed","sticky":false,"template":"","format":"standard","meta":{"fifu_image_url":"","fifu_image_alt":"","footnotes":""},"categories":[73,54],"tags":[],"class_list":["post-47514","post","type-post","status-publish","format-standard","hentry","category-actualite","category-maroc"],"_links":{"self":[{"href":"https:\/\/linitiative.ca\/International\/wp-json\/wp\/v2\/posts\/47514","targetHints":{"allow":["GET"]}}],"collection":[{"href":"https:\/\/linitiative.ca\/International\/wp-json\/wp\/v2\/posts"}],"about":[{"href":"https:\/\/linitiative.ca\/International\/wp-json\/wp\/v2\/types\/post"}],"author":[{"embeddable":true,"href":"https:\/\/linitiative.ca\/International\/wp-json\/wp\/v2\/users\/1760"}],"replies":[{"embeddable":true,"href":"https:\/\/linitiative.ca\/International\/wp-json\/wp\/v2\/comments?post=47514"}],"version-history":[{"count":0,"href":"https:\/\/linitiative.ca\/International\/wp-json\/wp\/v2\/posts\/47514\/revisions"}],"wp:attachment":[{"href":"https:\/\/linitiative.ca\/International\/wp-json\/wp\/v2\/media?parent=47514"}],"wp:term":[{"taxonomy":"category","embeddable":true,"href":"https:\/\/linitiative.ca\/International\/wp-json\/wp\/v2\/categories?post=47514"},{"taxonomy":"post_tag","embeddable":true,"href":"https:\/\/linitiative.ca\/International\/wp-json\/wp\/v2\/tags?post=47514"}],"curies":[{"name":"wp","href":"https:\/\/api.w.org\/{rel}","templated":true}]}}