{"id":47515,"date":"2019-07-21T06:17:56","date_gmt":"2019-07-21T10:17:56","guid":{"rendered":"https:\/\/linitiative.ca\/International\/lexemple-dune-region-modele\/"},"modified":"2019-07-21T06:17:56","modified_gmt":"2019-07-21T10:17:56","slug":"lexemple-dune-region-modele","status":"publish","type":"post","link":"https:\/\/linitiative.ca\/International\/lexemple-dune-region-modele\/","title":{"rendered":"L\u2019exemple d\u2019une r\u00e9gion mod\u00e8le!"},"content":{"rendered":"<p class=\"c4\"><strong><span class=\"c2\">Q<\/span><span class=\"c3\">uoiqu\u2019on puisse dire \u00e0 propos de la mise en \u0153uvre de la nouvelle formule de r\u00e9gion dont les jalons embryonnaires sont lanc\u00e9s, il y a juste quelques ann\u00e9es, il semble bien que la r\u00e9gion Souss Massa serait la mieux adapt\u00e9e \u00e0 cet examen laborieux.<\/span><\/strong><\/p>\n<p class=\"c4\">La r\u00e9gionalisation tel que con\u00e7u et mis dans le bain, marque le pas dans nombre de r\u00e9gions qui ne cessent de butter face aux exigences d\u2019ordre proc\u00e9dural, mais surtout au niveau de gouvernance et de comportement. Dans bien des cas, il n\u2019est pas question de ressources naturelles ou encore \u00e9conomiques qui peuvent faire d\u00e9faut dans telle ou telle entit\u00e9 r\u00e9gionale, encore faut-il avoir les comp\u00e9tences et les id\u00e9es qu\u2019il faut et surtout la synergie et la concorde qui harmonisent les actions \u00e0 mener.<\/p>\n<p class=\"c4\">Ceci \u00e9tant, la r\u00e9gion Souss Massa, en toute franchise, a l\u2019air d\u2019\u00e9merger du lot, par rapport \u00e0 certaines de ses homologues dont l\u2019\u00e9tat est critique, depuis d\u00e9j\u00e0 fort longtemps. Le cas de Dr\u00e2a Tafilalet, de Guelmim Oued Noun et bien d\u2019autres encore, en est une illustration de d\u00e9ch\u00e9ance du principe de r\u00e9gionalisation auquel aspirent les citoyens respectifs.<\/p>\n<p class=\"c4\">Certes on en est encore \u00e0 la\u00a0 phase de balbutiement pour ce chantier d\u2019envergure, dict\u00e9 par les mutations g\u00e9o-politique, socio-\u00e9conomique que conna\u00eet notre pays, au d\u00e9but de l\u2019actuel mill\u00e9naire. Mais, les dysfonctionnements constat\u00e9s dans plusieurs r\u00e9gions du royaume ne rel\u00e8vent de la justesse et l\u2019efficience du concept r\u00e9gional, mais de la d\u00e9ficience comportementale des op\u00e9rateurs en place.<\/p>\n<p class=\"c4\">En d\u00e9pit des contraintes qui persistent encore au niveau de la concr\u00e9tisation globale de la nouvelle conception r\u00e9gionale, la r\u00e9gion Souss Massa est en passe d\u2019asseoir les socles fondateurs de cet ambitieux projet soci\u00e9tal qui s\u2019inscrit, \u00e0 priori, dans l\u2019\u00e9difice du mod\u00e8le de d\u00e9veloppement en cours de construction.<\/p>\n<p class=\"c4\">On ne saurait maintenant retarder ni occulter un pi\u00e9destal sur lequel repose le bien-fond\u00e9 d\u2019une Nation agissante, aux yeux de l\u2019opinion mondiale. En effet, la performance in\u00e9dite de la r\u00e9gion Souss Massa, se situe, \u00e0 notre sens, dans l\u2019esprit de communion et de symbiose qui ne cesse d\u2019\u00e9mailler ses composantes, toutes ob\u00e9diences politiques confondues.<\/p>\n<p class=\"c4\">On ne peut donc concevoir le d\u00e9roulement sain d\u2019un processus r\u00e9gional, sans la sant\u00e9 de l\u2019institution elle-m\u00eame, fond\u00e9e sur le respect mutuel de ses acteurs. C\u2019est, \u00e0 notre avis, la condition sine qua non de la bonne sant\u00e9 de cet \u00e9chafaudage en \u00e9volution. En plus, de cette vertu fondamentale, la r\u00e9gion Souss Massa excelle \u00e9galement dans l\u2019\u00e9laboration concert\u00e9e et inclusive des actions, ponctu\u00e9e par des projets d\u2019envergure, en termes de justice de territoires, d\u2019\u00e9quit\u00e9 de soci\u00e9t\u00e9s et de valorisation d\u2019\u00e9nergies.<\/p>\n<p class=\"c4\">Au c\u00f4t\u00e9 de la cit\u00e9 dont les projets structurants multiples en mati\u00e8re de tourisme, d\u2019industrie, de p\u00eache, de b\u00e2timent, de services\u2026sont r\u00e9solument ses chevaux de bataille, la montagne et la campagne constituent \u00e9galement fers de lance au quotidien. Il est bien \u00e9vident que les retomb\u00e9es de tous ces ambitions \u00a0ne sont pas encore totalement exauc\u00e9es, vu la rudesse et l\u2019aust\u00e9rit\u00e9 de la besogne. Cependant, il est loisible de magnifier, sans complaisance ni r\u00e9serve, l\u2019exemplarit\u00e9 d\u2019une r\u00e9gion mod\u00e8le!<\/p>\n<p>Auteur: M&rsquo;hammed rahal<br \/>\n<a href=\"http:\/\/albayane.press.ma\/lexemple-dune-region-modele.html\">Cliquez ici pour lire l&rsquo;article depuis sa source.<\/a><\/p>\n","protected":false},"excerpt":{"rendered":"<p>Quoiqu\u2019on puisse dire \u00e0 propos de la mise en \u0153uvre de la nouvelle formule de r\u00e9gion dont les jalons embryonnaires sont lanc\u00e9s, il y a juste quelques ann\u00e9es, il semble bien que la r\u00e9gion Souss Massa serait la mieux adapt\u00e9e \u00e0 cet examen laborieux. La r\u00e9gionalisation tel que con\u00e7u et mis dans le bain, marque [&hellip;]<\/p>\n","protected":false},"author":1760,"featured_media":0,"comment_status":"closed","ping_status":"closed","sticky":false,"template":"","format":"standard","meta":{"fifu_image_url":"","fifu_image_alt":"","footnotes":""},"categories":[73,54],"tags":[],"class_list":["post-47515","post","type-post","status-publish","format-standard","hentry","category-actualite","category-maroc"],"_links":{"self":[{"href":"https:\/\/linitiative.ca\/International\/wp-json\/wp\/v2\/posts\/47515","targetHints":{"allow":["GET"]}}],"collection":[{"href":"https:\/\/linitiative.ca\/International\/wp-json\/wp\/v2\/posts"}],"about":[{"href":"https:\/\/linitiative.ca\/International\/wp-json\/wp\/v2\/types\/post"}],"author":[{"embeddable":true,"href":"https:\/\/linitiative.ca\/International\/wp-json\/wp\/v2\/users\/1760"}],"replies":[{"embeddable":true,"href":"https:\/\/linitiative.ca\/International\/wp-json\/wp\/v2\/comments?post=47515"}],"version-history":[{"count":0,"href":"https:\/\/linitiative.ca\/International\/wp-json\/wp\/v2\/posts\/47515\/revisions"}],"wp:attachment":[{"href":"https:\/\/linitiative.ca\/International\/wp-json\/wp\/v2\/media?parent=47515"}],"wp:term":[{"taxonomy":"category","embeddable":true,"href":"https:\/\/linitiative.ca\/International\/wp-json\/wp\/v2\/categories?post=47515"},{"taxonomy":"post_tag","embeddable":true,"href":"https:\/\/linitiative.ca\/International\/wp-json\/wp\/v2\/tags?post=47515"}],"curies":[{"name":"wp","href":"https:\/\/api.w.org\/{rel}","templated":true}]}}