{"id":47516,"date":"2019-07-21T06:44:56","date_gmt":"2019-07-21T10:44:56","guid":{"rendered":"https:\/\/linitiative.ca\/International\/samir-belhaouss-expose-ses-inspirations-marocaines-a-lespace-rivages\/"},"modified":"2019-07-21T06:44:56","modified_gmt":"2019-07-21T10:44:56","slug":"samir-belhaouss-expose-ses-inspirations-marocaines-a-lespace-rivages","status":"publish","type":"post","link":"https:\/\/linitiative.ca\/International\/samir-belhaouss-expose-ses-inspirations-marocaines-a-lespace-rivages\/","title":{"rendered":"Samir Belhaouss expose ses inspirations marocaines \u00e0 l\u2019Espace Rivages"},"content":{"rendered":"<p class=\"c4\"><span class=\"c3\"><strong><span class=\"c2\">L<\/span>a terre marocaine regorge de myst\u00e8res, de traces des temps pass\u00e9s et des civilisations qui ont marqu\u00e9 son patrimoine et sa culture. En effet, beaucoup d\u2019artistes ont en fait une source d\u2019inspiration pour leurs travaux et \u0153uvres artistiques.<\/strong><\/span><\/p>\n<p class=\"c4\">L\u2019artiste peintre maroco-espagnol Samir Belhaouss en fait partie. Par ailleurs, actuellement et jusqu\u2019au 10 ao\u00fbt 2019, les cimaises de l\u2019Espace Rivages la Fondation Hassan II pour\u00a0 les Marocains R\u00e9sidant \u00e0 l\u2019Etranger \u00e0 Rabat accueillent ses toiles et son univers artistique plac\u00e9s\u00a0 sous le th\u00e8me \u00abLe Maroc, terre d\u2019inspiration\u00bb.\u00a0 C\u2019est en Espagne que l\u2019artiste vit et travail, mais il garde un attachement tr\u00e8s particulier\u00a0 \u00e0 sa\u00a0 terre natale, la terre de ses anc\u00eatres.<\/p>\n<p class=\"c4\">Samir Belhaouss a vu le jour \u00a0\u00e0 Ben Slimane, en\u00a0 1967.\u00a0\u00a0 Il est autodidacte certes, mais sculptures et peintures sont marqu\u00e9es par une ma\u00eetrise picturale et artistique \u00e0 la fois denses, diverses, homog\u00e8nes et h\u00e9t\u00e9rog\u00e8nes. \u00a0Belhaouss d\u00e9clare \u00abL\u2019influence et la diversit\u00e9 des deux cultures sur mon inspiration sont d\u2019une grande utilit\u00e9 et richesse\u00bb. Lumineuses, gaies et d\u00e9bordant d\u2019une \u00e9nergie \u00e9clatante, les peintures de Samir Belhaouss, \u00e9crit \u00e0 son propos Noureddine Fahmi, professeur et po\u00e8te marocain. En outre, ce sont l\u2019imagination cr\u00e9atrice et l\u2019inspiration r\u00e9v\u00e9latrice qui guident l\u2019artiste dans son processus de cr\u00e9ation.<\/p>\n<p class=\"c4\">Entre les deux rives, le Maroc et l\u2019Espagne, les \u0153uvres de l\u2019artiste s\u2019enrichissent des deux cultures et terres. \u00abChez Samir Belhaouss, la pl\u00e9nitude cr\u00e9atrice atteint\u00a0 son apog\u00e9e dans l\u2019harmonie des couleurs spectrales et dans la finesse des touches. Enfin, \u00e0 travers ses travaux artistiques, Samir Belhaouss nous interpelle pour que\u00a0 nous laissions nos \u00e9motions s\u2019\u00e9panouir et le soleil nous unir\u2026\u00bb, ajoute Fahmi.<\/p>\n<p class=\"c4\">Amoureux de la peinture depuis son jeune \u00e2ge, l\u2019artiste s\u2019inspire de son environnement, de sa terre. \u00abDepuis mon enfance, je vis en contact permanent avec la for\u00eat de la charmante ville de Ben Slimane, puisque je vivais avec ma famille juste \u00e0 c\u00f4t\u00e9. J\u2019y jouais tout le temps en cr\u00e9ant des jouets avec la terre, les branches d\u2019arbres et les pierres\u2026 ce furent les premi\u00e8res d\u00e9couvertes de la mati\u00e8re et des couleurs qui sont dans la nature. Comme disait Victor Hugo : \u00abL\u2019art c\u2019est l\u2019homme ajout\u00e9 \u00e0 la nature\u00bb, a-t-il soulign\u00e9. Par ailleurs, sa peinture regorge de signes puis\u00e9s dans sa culture et son patrimoine, mais aussi de son imaginaire cr\u00e9atif.<\/p>\n<p class=\"c4\">\u00abLa plupart des signes sont imaginaires, mais quelques uns sont inspir\u00e9s du Tifinagh qui signifie : la libert\u00e9, la paix et l\u2019amour. La spirale par exemple signifie pour moi la vie et la mort\u2009: elle commence par un point, elle grandit puis elle s\u2019arr\u00eate \u00e0 la fin de la spirale\u00bb, a-t-il fait\u00a0 savoir. Autrement dit, la culture marocaine est une source d\u2019inspiration\u00a0 in\u00e9puisable.<\/p>\n<p class=\"c4\">En effet, malgr\u00e9 son s\u00e9jour\u00a0 en Espagne et m\u00eame ailleurs, l\u2019artiste\u00a0 puise dans la terre marocaine plurielle et riche. \u00abJe suis tr\u00e8s influenc\u00e9 par ma culture d\u2019origine\u2009;\u00a0 pour moi, le Maroc est un grand mus\u00e9e \u00e0 ciel ouvert, et ce mus\u00e9e il faut lui donner\u00a0 la vraie valeur qu\u2019il m\u00e9rite. C\u2019est pour cela d\u2019ailleurs que j\u2019ai intitul\u00e9 mon exposition : \u00abLe Maroc, terre d\u2019inspiration\u2026\u00bb, a-t-il affirm\u00e9. Ses tableaux sont denses, et ses toiles et ses sculptures refl\u00e8tent ses \u00e9tats d\u2019\u00e2me, ses inspirations et non seulement choix esth\u00e9tiques et artistiques.<\/p>\n<p class=\"c4\">\u00abCe n\u2019est pas un choix, tout d\u00e9pend de l\u2019inspiration et de l\u2019imagination qui est le reflet de l\u2019\u00e9tat d\u2019\u00e2me. Oui, mes premiers tableaux \u00e9taient denses parce que quand on est jeune on a beaucoup d\u2019id\u00e9es qui se bousculent dans notre imaginaire, mais, avec le temps et l\u2019exp\u00e9rience les tableaux et les sculptures sont devenues \u00e9pur\u00e9s\u00bb, a-t-il affirm\u00e9.<\/p>\n<p class=\"c5\"><strong>Mohamed Nait Youssef<\/strong><\/p>\n<p>Auteur: M&rsquo;hammed rahal<br \/>\n<a href=\"http:\/\/albayane.press.ma\/samir-belhaouss-expose-ses-inspirations-marocaines-a-lespace-rivages.html\">Cliquez ici pour lire l&rsquo;article depuis sa source.<\/a><\/p>\n","protected":false},"excerpt":{"rendered":"<p>La terre marocaine regorge de myst\u00e8res, de traces des temps pass\u00e9s et des civilisations qui ont marqu\u00e9 son patrimoine et sa culture. En effet, beaucoup d\u2019artistes ont en fait une source d\u2019inspiration pour leurs travaux et \u0153uvres artistiques. L\u2019artiste peintre maroco-espagnol Samir Belhaouss en fait partie. Par ailleurs, actuellement et jusqu\u2019au 10 ao\u00fbt 2019, les [&hellip;]<\/p>\n","protected":false},"author":1760,"featured_media":0,"comment_status":"closed","ping_status":"closed","sticky":false,"template":"","format":"standard","meta":{"fifu_image_url":"","fifu_image_alt":"","footnotes":""},"categories":[73,54],"tags":[],"class_list":["post-47516","post","type-post","status-publish","format-standard","hentry","category-actualite","category-maroc"],"_links":{"self":[{"href":"https:\/\/linitiative.ca\/International\/wp-json\/wp\/v2\/posts\/47516","targetHints":{"allow":["GET"]}}],"collection":[{"href":"https:\/\/linitiative.ca\/International\/wp-json\/wp\/v2\/posts"}],"about":[{"href":"https:\/\/linitiative.ca\/International\/wp-json\/wp\/v2\/types\/post"}],"author":[{"embeddable":true,"href":"https:\/\/linitiative.ca\/International\/wp-json\/wp\/v2\/users\/1760"}],"replies":[{"embeddable":true,"href":"https:\/\/linitiative.ca\/International\/wp-json\/wp\/v2\/comments?post=47516"}],"version-history":[{"count":0,"href":"https:\/\/linitiative.ca\/International\/wp-json\/wp\/v2\/posts\/47516\/revisions"}],"wp:attachment":[{"href":"https:\/\/linitiative.ca\/International\/wp-json\/wp\/v2\/media?parent=47516"}],"wp:term":[{"taxonomy":"category","embeddable":true,"href":"https:\/\/linitiative.ca\/International\/wp-json\/wp\/v2\/categories?post=47516"},{"taxonomy":"post_tag","embeddable":true,"href":"https:\/\/linitiative.ca\/International\/wp-json\/wp\/v2\/tags?post=47516"}],"curies":[{"name":"wp","href":"https:\/\/api.w.org\/{rel}","templated":true}]}}