{"id":47525,"date":"2019-07-21T08:16:00","date_gmt":"2019-07-21T12:16:00","guid":{"rendered":"https:\/\/linitiative.ca\/International\/les-forces-de-lalternative-democratique-posent-quatre-prealables\/"},"modified":"2019-07-21T08:16:00","modified_gmt":"2019-07-21T12:16:00","slug":"les-forces-de-lalternative-democratique-posent-quatre-prealables","status":"publish","type":"post","link":"https:\/\/linitiative.ca\/International\/les-forces-de-lalternative-democratique-posent-quatre-prealables\/","title":{"rendered":"Les forces de l\u2019alternative d\u00e9mocratique posent quatre pr\u00e9alables"},"content":{"rendered":"<div id=\"originalText\" readability=\"69\">\n<p>Le soul\u00e8vement du 22 f\u00e9vrier porte en lui une lame de fond de la volont\u00e9 de recouvrer la souverainet\u00e9 populaire et la construction d\u2019un Etat de droit.<\/p>\n<p>Les signataires du pacte pour l\u2019alternative d\u00e9mocratique, r\u00e9unis ce dimanche au si\u00e8ge du RCD,\u00a0 r\u00e9affirment qu\u2019\u00abaucune initiative politique de quelque nature qu\u2019elle soit et aucun dialogue politique ne sont viables sans la satisfaction\u00bb de quatre \u00abexigences\u00bb.<\/p>\n<p>Il s\u2019agit, en effet, de\u00a0 \u00abla lib\u00e9ration des d\u00e9tenus politiques et d\u2019opinion\u00bb, \u00abl\u2019ouverture des champs politique et m\u00e9diatique\u00bb, \u00abl\u2019arr\u00eat imm\u00e9diat du dispositif r\u00e9pressif et de l\u2019instrumentalisation de la justice\u00bb, ainsi que \u00able d\u00e9part du r\u00e9gime et de ses symboles\u00bb.<\/p>\n<p>Les signataires, qui estiment ainsi que \u00abla p\u00e9riode de transition est le temps n\u00e9cessaire pour mettre en place cet environnement institutionnel sans lequel toute id\u00e9e de rupture avec le syst\u00e8me usurpateur sera vaine\u00bb, consid\u00e8rent \u00e9galement qu\u2019\u00abaujourd\u2019hui d\u00e9j\u00e0, \u00e0 l\u2019actif du mouvement on compte plusieurs actions sur le terrain. Des actions sectorielles, des d\u00e9bats, des forums ou des comit\u00e9s voient le jour. Il est essentiel qu\u2019elles trouvent des espaces de d\u00e9bats communs\u00bb.<\/p>\n<p>C\u2019est \u00e0 cet effet qu\u2019ils appellent \u00a0\u00ables forces patriotiques, d\u00e9mocratiques et sociales, qui aspirent \u00e0 faire valoir les revendications l\u00e9gitimes du peuple Alg\u00e9rien et faire aboutir ses exigences r\u00e9volutionnaires, \u00e0 s\u2019inscrire activement dans notre effort \u00e0 entretenir l\u2019espoir et \u00e0 imposer une alternative d\u00e9mocratique\u00bb.<\/p>\n<p>Les signataires du pacte pour l\u2019alternative d\u00e9mocratique appellent aussi t \u00e0 \u00abune convention du pacte politique pour une v\u00e9ritable transition d\u00e9mocratique pour le 31 ao\u00fbt 2019\u00bb.<\/p>\n<p class=\"c10\"><strong>R\u00e9daction Web<\/strong><\/p>\n<\/div>\n<div id=\"text_core\" readability=\"69\">\n<p>Le soul\u00e8vement du 22 f\u00e9vrier porte en lui une lame de fond de la volont\u00e9 de recouvrer la souverainet\u00e9 populaire et la construction d\u2019un Etat de droit.<\/p>\n<p>Les signataires du pacte pour l\u2019alternative d\u00e9mocratique, r\u00e9unis ce dimanche au si\u00e8ge du RCD,\u00a0 r\u00e9affirment qu\u2019\u00abaucune initiative politique de quelque nature qu\u2019elle soit et aucun dialogue politique ne sont viables sans la satisfaction\u00bb de quatre \u00abexigences\u00bb.<\/p>\n<p>Il s\u2019agit, en effet, de\u00a0 \u00abla lib\u00e9ration des d\u00e9tenus politiques et d\u2019opinion\u00bb, \u00abl\u2019ouverture des champs politique et m\u00e9diatique\u00bb, \u00abl\u2019arr\u00eat imm\u00e9diat du dispositif r\u00e9pressif et de l\u2019instrumentalisation de la justice\u00bb, ainsi que \u00able d\u00e9part du r\u00e9gime et de ses symboles\u00bb.<\/p>\n<p>Les signataires, qui estiment ainsi que \u00abla p\u00e9riode de transition est le temps n\u00e9cessaire pour mettre en place cet environnement institutionnel sans lequel toute id\u00e9e de rupture avec le syst\u00e8me usurpateur sera vaine\u00bb, consid\u00e8rent \u00e9galement qu\u2019\u00abaujourd\u2019hui d\u00e9j\u00e0, \u00e0 l\u2019actif du mouvement on compte plusieurs actions sur le terrain. Des actions sectorielles, des d\u00e9bats, des forums ou des comit\u00e9s voient le jour. Il est essentiel qu\u2019elles trouvent des espaces de d\u00e9bats communs\u00bb.<\/p>\n<p>C\u2019est \u00e0 cet effet qu\u2019ils appellent \u00a0\u00ables forces patriotiques, d\u00e9mocratiques et sociales, qui aspirent \u00e0 faire valoir les revendications l\u00e9gitimes du peuple Alg\u00e9rien et faire aboutir ses exigences r\u00e9volutionnaires, \u00e0 s\u2019inscrire activement dans notre effort \u00e0 entretenir l\u2019espoir et \u00e0 imposer une alternative d\u00e9mocratique\u00bb.<\/p>\n<p>Les signataires du pacte pour l\u2019alternative d\u00e9mocratique appellent aussi t \u00e0 \u00abune convention du pacte politique pour une v\u00e9ritable transition d\u00e9mocratique pour le 31 ao\u00fbt 2019\u00bb.<\/p>\n<p class=\"c10\"><strong>R\u00e9daction Web<\/strong><\/p>\n<\/div>\n<p>Auteur:<br \/>\n<a href=\"https:\/\/www.liberte-algerie.com\/actualite\/les-forces-de-lalternative-democratique-posent-quatre-prealables-320398\">Cliquez ici pour lire l&rsquo;article depuis sa source.<\/a><\/p>\n","protected":false},"excerpt":{"rendered":"<p>Le soul\u00e8vement du 22 f\u00e9vrier porte en lui une lame de fond de la volont\u00e9 de recouvrer la souverainet\u00e9 populaire et la construction d\u2019un Etat de droit. Les signataires du pacte pour l\u2019alternative d\u00e9mocratique, r\u00e9unis ce dimanche au si\u00e8ge du RCD,\u00a0 r\u00e9affirment qu\u2019\u00abaucune initiative politique de quelque nature qu\u2019elle soit et aucun dialogue politique ne [&hellip;]<\/p>\n","protected":false},"author":1742,"featured_media":0,"comment_status":"closed","ping_status":"closed","sticky":false,"template":"","format":"standard","meta":{"fifu_image_url":"","fifu_image_alt":"","footnotes":""},"categories":[73,53],"tags":[],"class_list":["post-47525","post","type-post","status-publish","format-standard","hentry","category-actualite","category-algerie"],"_links":{"self":[{"href":"https:\/\/linitiative.ca\/International\/wp-json\/wp\/v2\/posts\/47525","targetHints":{"allow":["GET"]}}],"collection":[{"href":"https:\/\/linitiative.ca\/International\/wp-json\/wp\/v2\/posts"}],"about":[{"href":"https:\/\/linitiative.ca\/International\/wp-json\/wp\/v2\/types\/post"}],"author":[{"embeddable":true,"href":"https:\/\/linitiative.ca\/International\/wp-json\/wp\/v2\/users\/1742"}],"replies":[{"embeddable":true,"href":"https:\/\/linitiative.ca\/International\/wp-json\/wp\/v2\/comments?post=47525"}],"version-history":[{"count":0,"href":"https:\/\/linitiative.ca\/International\/wp-json\/wp\/v2\/posts\/47525\/revisions"}],"wp:attachment":[{"href":"https:\/\/linitiative.ca\/International\/wp-json\/wp\/v2\/media?parent=47525"}],"wp:term":[{"taxonomy":"category","embeddable":true,"href":"https:\/\/linitiative.ca\/International\/wp-json\/wp\/v2\/categories?post=47525"},{"taxonomy":"post_tag","embeddable":true,"href":"https:\/\/linitiative.ca\/International\/wp-json\/wp\/v2\/tags?post=47525"}],"curies":[{"name":"wp","href":"https:\/\/api.w.org\/{rel}","templated":true}]}}