{"id":47528,"date":"2019-07-20T20:24:40","date_gmt":"2019-07-21T00:24:40","guid":{"rendered":"https:\/\/linitiative.ca\/International\/role-des-jeunes-dans-la-preservation-de-lart-gnaoui\/"},"modified":"2019-07-20T20:24:40","modified_gmt":"2019-07-21T00:24:40","slug":"role-des-jeunes-dans-la-preservation-de-lart-gnaoui","status":"publish","type":"post","link":"https:\/\/linitiative.ca\/International\/role-des-jeunes-dans-la-preservation-de-lart-gnaoui\/","title":{"rendered":"R\u00f4le des jeunes dans la pr\u00e9servation de l\u2019art gnaoui"},"content":{"rendered":"<div readability=\"36\">\n<p>Essaouira \u2013 Un colloque d\u00e9di\u00e9 \u00e0 d\u00e9battre du r\u00f4le que les jeunes doivent jouer en vue de la pr\u00e9servation du patrimoine gnaoui authentique, a \u00e9t\u00e9 organis\u00e9 samedi \u00e0 Essaouira et ce, dans le cadre de la 2\u00e8 \u00e9dition du Festival \u00a0\u00bbG\u00e9n\u00e9ration Gnaoua des Jeunes\u00a0\u00bb.<\/p>\n<\/div>\n<div readability=\"173\">\n<p>Plac\u00e9 sous le th\u00e8me \u00a0\u00bble patrimoine gnaoui et les jeunes pour le d\u00e9veloppement et l\u2019\u00e9change interculturel\u00a0\u00bb, ce colloque se propose de jeter la lumi\u00e8re sur l\u2019art gnaoui authentique et ancestral, tel que l\u00e9gu\u00e9 par les grands Ma\u00e2lems et donc, de voir comment ce patrimoine peut \u00eatre transmis fid\u00e8lement aux jeunes, tout en les incitant \u00e0 en assurer la rel\u00e8ve et \u00e0 le prot\u00e9ger.<\/p>\n<p>Cette rencontre alliant \u00e0 la fois aspect culturel, intellectuel et artistique de Gnaoua, a \u00e9t\u00e9 marqu\u00e9e par la pr\u00e9sence d\u2019un ar\u00e9opage d\u2019artistes, d\u2019intellectuels, de chercheurs, et d\u2019acteurs associatifs du Maroc et d\u2019ailleurs.<\/p>\n<p>Intervenant \u00e0 cette occasion, M. Ahmed Harrouz, artiste-peintre, intellectuel et membre de l\u2019Association Essaouira-Mogador, a salu\u00e9 l\u2019initiative prise par les jeunes de l\u2019Association \u00a0\u00bbOrigines Gnaoua Essaouira\u00a0\u00bb d\u2019organiser ce colloque pour soumettre \u00e0 \u00e9tude la question du patrimoine gnaoui en tant qu\u2019un tout indivisible rassemblant \u00e0 la fois musique, art, culture, style de vie, philosophie et rituel.<\/p>\n<p>Ce colloque est l\u2019occasion de soulever un certain nombre de questionnements importants sur la pr\u00e9servation de ce patrimoine (r\u00e9pertoire, tradition\u2026), sa p\u00e9rennisation, et son positionnement aux c\u00f4t\u00e9s des autres cr\u00e9ations artistiques existantes, dont gnaoua fait partie aussi, a ajout\u00e9 M. Harrouz, s\u2019interrogeant si ce patrimoine gnaoui authentique est transmis tel qu\u2019il est aux jeunes g\u00e9n\u00e9rations, ou bien il est en train de d\u00e9railler de sa trajectoire naturelle et donc \u00e0 se r\u00e9duire uniquement en une simple \u00a0\u00bbprestation artistique (musicale)\u00a0\u00bb.<\/p>\n<p>Il a, dans ce sens, pass\u00e9 en revue un certain nombre de grands Ma\u00e2lems qui ont contribu\u00e9 \u00e0 la pr\u00e9servation de cet art authentique, voire m\u00eame \u00e0 l\u2019emporter au-del\u00e0 des fronti\u00e8res nationales, estimant, dans ce sens, indispensable pour les jeunes d\u2019emprunter les voix des anc\u00eatres, et de veiller \u00e0 ce que ce patrimoine s\u00e9culaire, continue de refl\u00e9ter et de reproduire toutes ces dimensions culturelle, philosophique, artistique et rituelle, mais aussi de contribuer \u00e0 faciliter cet \u00e9change interculturel ainsi que le d\u00e9veloppement escompt\u00e9.<\/p>\n<p>M. Pascal Amel, \u00e9crivain et directeur d\u2019un studio d\u2019enregistrement musical \u00e0 Essaouira, qui a longtemps travaill\u00e9 sur la musique gnaoua, a insist\u00e9, quant \u00e0 lui, sur la n\u00e9cessit\u00e9 de faire la nuance entre le terme \u00a0\u00bbmusique gnaouie\u00a0\u00bb qu\u2019on utilise le plus souvent pour rapprocher le public de mani\u00e8re g\u00e9n\u00e9rale et le situer par rapport aux autres genres musicaux, tel le blues, le jazz\u2026, et \u00a0\u00bbl\u2019art gnaoui\u00a0\u00bb ou \u00a0\u00bbTagnaouite\u00a0\u00bb qui incarne plusieurs dimensions.<\/p>\n<p>\u00a0\u00bbParler de pr\u00e9servation et de transmission de l\u2019art gnaoua aux g\u00e9n\u00e9rations montantes suppose d\u2019abord de prendre en consid\u00e9ration tous ces aspects spirituel, artistique, culturel, rituel et musical de cet art ancestral et authentique\u00a0\u00bb, a insist\u00e9 M. Amel, mettant en avant la responsabilit\u00e9 que les jeunes se doivent d\u2019assumer pour faire conna\u00eetre davantage cet art, le pr\u00e9server, le p\u00e9renniser et surtout d\u2019oeuvrer pour que ce legs ancestral ne soit pas d\u00e9natur\u00e9 ou r\u00e9duit \u00e0 de simples d\u00e9monstrations musicales et de danses.<\/p>\n<p>\u00a0\u00bbL\u2019art gnaoua c\u2019est une culture, ce sont des traditions, c\u2019est un style de vie et un rituel qu\u2019il convient de respecter scrupuleusement, notamment en ces temps modernes\u00a0\u00bb, a-t-il dit.<\/p>\n<p>M. Anas Azza, pr\u00e9sident de l\u2019Association \u00a0\u00bbOrigines Gnaoua Essaouira\u00a0\u00bb, a mis en avant l\u2019importance de ce d\u00e9bat et de soulever toutes les questions int\u00e9ressant l\u2019art gnaoui, notant que c\u2019est cette approche d\u2019inviter l\u2019art gnaoua authentique au banquet de la r\u00e9flexion et du d\u00e9bat qui anime tous les jeunes membres de son association.<\/p>\n<p>Et de poursuivre que \u00a0\u00bbgnaoua n\u2019est pas seulement de la musique, c\u2019est un mode de vie et une philosophie\u00a0\u00bb, a-t-il encha\u00een\u00e9, invitant les jeunes \u00e0 s\u2019impliquer davantage dans tous les efforts visant d\u2019abord \u00e0 prendre connaissance du patrimoine existant y compris celui gnaoui, et de s\u2019investir pleinement dans sa pr\u00e9servation car il y va de la pr\u00e9servation de l\u2019identit\u00e9 nationale.<\/p>\n<p>\u00a0\u00bbNous devons prendre conscience de la richesse de notre patrimoine, d\u2019en faire bon usage pour promouvoir davantage notre culture riche et diversifi\u00e9e, la valoriser et la pr\u00e9server, et par l\u00e0 exercer pleinement n\u00f4tre citoyennet\u00e9\u00a0\u00bb, a dit M. Azza, estimant qu\u2019un effort intellectuel consid\u00e9rable doit \u00eatre consenti pour assurer une transmission \u00a0\u00bbfiable\u00a0\u00bb de ce patrimoine aux g\u00e9n\u00e9rations \u00e0 venir.<\/p>\n<p>Par la suite, les grands Ma\u00e2lems gnaouis pr\u00e9sents, dont Ahmed Bakbou (Marrakech), Abdellah Akherraz (Essaouira), Abdelkader Amlil (Rabat) et Hamid Dakaki (F\u00e8s), ont livr\u00e9 des t\u00e9moignages sur leurs riches exp\u00e9riences en mati\u00e8re de promotion, de valorisation et de pr\u00e9servation du patrimoine gnaoui, insistant sur la n\u00e9cessit\u00e9 pour les jeunes de prendre le flambeau pour assurer la rel\u00e8ve et consolider davantage la place de l\u2019art gnaoui au plan national comme sur la sc\u00e8ne internationale.<\/p>\n<p>Tout en d\u00e9plorant le fait qu\u2019au d\u00e9part, aucun int\u00e9r\u00eat n\u2019a \u00e9t\u00e9 accord\u00e9 \u00e0 la garantie de la rel\u00e8ve et que la transmission de cet art aux jeunes se faisait uniquement dans un cadre restreint (confr\u00e9rie, famille), ils ont soulign\u00e9 l\u2019imp\u00e9ratif d\u2019accorder une importance cruciale \u00e0 l\u2019encadrement des jeunes pour en faire de v\u00e9ritable \u00a0\u00bbambassadeurs\u00a0\u00bb et authentiques Ma\u00e2lems de Tagnaouite dans les ann\u00e9es \u00e0 venir.<\/p>\n<p>Ils ont \u00e9galement convi\u00e9 l\u2019assistance, chacun \u00e0 son tour, \u00e0 appr\u00e9cier des morceaux (Melouk) tir\u00e9s du r\u00e9pertoire gnaoui authentique.<\/p>\n<\/div>\n<p>Auteur: Meriem IGASS<br \/>\n<a href=\"http:\/\/www.mapmarrakech.ma\/fr\/colloque-sur-le-role-des-jeunes-dans-la-preservation-du-patrimoine-gnaoui\/\">Cliquez ici pour lire l&rsquo;article depuis sa source.<\/a><\/p>\n","protected":false},"excerpt":{"rendered":"<p>Essaouira \u2013 Un colloque d\u00e9di\u00e9 \u00e0 d\u00e9battre du r\u00f4le que les jeunes doivent jouer en vue de la pr\u00e9servation du patrimoine gnaoui authentique, a \u00e9t\u00e9 organis\u00e9 samedi \u00e0 Essaouira et ce, dans le cadre de la 2\u00e8 \u00e9dition du Festival \u00a0\u00bbG\u00e9n\u00e9ration Gnaoua des Jeunes\u00a0\u00bb. Plac\u00e9 sous le th\u00e8me \u00a0\u00bble patrimoine gnaoui et les jeunes pour [&hellip;]<\/p>\n","protected":false},"author":1788,"featured_media":0,"comment_status":"closed","ping_status":"closed","sticky":false,"template":"","format":"standard","meta":{"fifu_image_url":"","fifu_image_alt":"","footnotes":""},"categories":[54,76],"tags":[],"class_list":["post-47528","post","type-post","status-publish","format-standard","hentry","category-maroc","category-regions"],"_links":{"self":[{"href":"https:\/\/linitiative.ca\/International\/wp-json\/wp\/v2\/posts\/47528","targetHints":{"allow":["GET"]}}],"collection":[{"href":"https:\/\/linitiative.ca\/International\/wp-json\/wp\/v2\/posts"}],"about":[{"href":"https:\/\/linitiative.ca\/International\/wp-json\/wp\/v2\/types\/post"}],"author":[{"embeddable":true,"href":"https:\/\/linitiative.ca\/International\/wp-json\/wp\/v2\/users\/1788"}],"replies":[{"embeddable":true,"href":"https:\/\/linitiative.ca\/International\/wp-json\/wp\/v2\/comments?post=47528"}],"version-history":[{"count":0,"href":"https:\/\/linitiative.ca\/International\/wp-json\/wp\/v2\/posts\/47528\/revisions"}],"wp:attachment":[{"href":"https:\/\/linitiative.ca\/International\/wp-json\/wp\/v2\/media?parent=47528"}],"wp:term":[{"taxonomy":"category","embeddable":true,"href":"https:\/\/linitiative.ca\/International\/wp-json\/wp\/v2\/categories?post=47528"},{"taxonomy":"post_tag","embeddable":true,"href":"https:\/\/linitiative.ca\/International\/wp-json\/wp\/v2\/tags?post=47528"}],"curies":[{"name":"wp","href":"https:\/\/api.w.org\/{rel}","templated":true}]}}