{"id":47529,"date":"2019-07-21T12:20:13","date_gmt":"2019-07-21T16:20:13","guid":{"rendered":"https:\/\/linitiative.ca\/International\/cloture-du-2e-festival-generation-gnaoua-des-jeunes\/"},"modified":"2019-07-21T12:20:13","modified_gmt":"2019-07-21T16:20:13","slug":"cloture-du-2e-festival-generation-gnaoua-des-jeunes","status":"publish","type":"post","link":"https:\/\/linitiative.ca\/International\/cloture-du-2e-festival-generation-gnaoua-des-jeunes\/","title":{"rendered":"Cl\u00f4ture du 2\u00e8 Festival \u00ab\u00a0G\u00e9n\u00e9ration Gnaoua des Jeunes\u00a0\u00bb"},"content":{"rendered":"<div readability=\"38\">\n<p>Essaouira \u2013 La deuxi\u00e8me \u00e9dition du Festival \u00ab\u00a0G\u00e9n\u00e9ration Gnaoua des Jeunes\u00a0\u00bb, un \u00e9v\u00e9nement artistique et culturel tourn\u00e9 vers la pr\u00e9servation de cet art ancestral et sa transmission aux g\u00e9n\u00e9rations \u00e0 venir, a pris fin samedi soir \u00e0 Essaouira, apr\u00e8s trois jours de concerts musicaux des plus exaltants.<\/p>\n<\/div>\n<div readability=\"124\">\n<p>Dans une ambiance conviviale et de liesse, des festivaliers d\u2019ici et d\u2019ailleurs, jeunes et moins jeunes, se sont donn\u00e9s rendez-vous \u00e0 l\u2019espace de Dar Souiri, le temps de venir encourager les jeunes ma\u00e2lems, leur souhaiter bonne continuation et les remercier, comme il se doit, pour les diff\u00e9rentes pr\u00e9sentations et belles aventures musicales auxquels ils les ont convi\u00e9s tout au long de cette nouvelle \u00e9dition.<\/p>\n<p>Et afin de permettre encore une fois aux aficionados de l\u2019art gnaoui authentique de renouer avec ce legs riche et singulier, les festivaliers ont eu droit, dans un premier temps, \u00e0 trois concerts hallucinants inscrits dans le cadre de la comp\u00e9tition de ce festival, et offerts, \u00e0 la mani\u00e8re des grands et avec un professionnalisme inou\u00ef, respectivement par le jeune ma\u00e2lem Zouha\u00efr Tahlaoui et sa troupe venue de Safi, qui ont pu revisiter un r\u00e9pertoire s\u00e9culaire, avant de c\u00e9der la place sur sc\u00e8ne, au jeune ma\u00e2lem Youssef Outanine et sa troupe d\u2019Essaouira pour une belle prestation artistique.<\/p>\n<p>Et ce n\u2019est pas tout, parce que la soir\u00e9e s\u2019est poursuivie aux rythmes des sonorit\u00e9s et des danses les plus synchronis\u00e9es, apr\u00e8s que le jeune ma\u00e2lem Soufiane Biskouane et son groupe en provenance de Marrakech ont gratifi\u00e9 le public pr\u00e9sent d\u2019un floril\u00e8ge de \u00a0\u00bbMelouk\u00a0\u00bb (morceaux) des plus c\u00e9l\u00e8bres de ce patrimoine hors du commun.<\/p>\n<p>Et pour clore en beaut\u00e9 cette \u00e9dition, c\u2019\u00e9tait au jeune Ma\u00e2lem Mouhssine Challah et sa troupe d\u2019investir la sc\u00e8ne de Dar Souiri, pour un spectacle de toute beaut\u00e9, confirmant ainsi le succ\u00e8s de ce Festival qui a tenu toutes ses promesses.<\/p>\n<p>Par ailleurs, l\u2019un des moments forts de cette soir\u00e9e finale a \u00e9t\u00e9 la remise du 1er Prix du Festival au jeune ma\u00e2lem Soufiane Bisoukane et sa troupe de Marrakech, alors que le second prix est revenu au jeune ma\u00e2lem Ismael Benaadi et sa troupe d\u2019Essaouira.<\/p>\n<p>La cons\u00e9cration de ces deux jeunes troupes gnaouies intervient au terme d\u2019une comp\u00e9tition organis\u00e9e au profit des diff\u00e9rentes troupes participantes \u00e0 cette \u00e9dition, sous la supervision d\u2019un jury compos\u00e9 de grands ma\u00e2lems gnaouis \u00e0 savoir : Ahmed Bakbou (Marrakech), Abdelkader Amlil (Rabat) et Hamid Dakaki (F\u00e8s).<\/p>\n<p>Lors de cette \u00e9dition, les festivaliers ont \u00e9t\u00e9 au rendez-vous avec une d\u00e9ambulation dansante des diff\u00e9rentes troupes gnaouies participantes d\u2019Essaouira, ainsi que d\u2019autres villes du Royaume.<\/p>\n<p>Initi\u00e9 par l\u2019Association \u00a0\u00bbOrigines Gnaoua Essaouira\u00a0\u00bb, ce rendez-vous renouvel\u00e9 et tant attendu par les amoureux de Tagnaouit, a b\u00e9n\u00e9fici\u00e9 du concours de l\u2019Association Essaouira-Mogador, ainsi que d\u2019une palette de collaborateurs en charge de l\u2019organisation des festivals \u00e0 Essaouira, de la pr\u00e9servation du patrimoine culturel et de la dynamisation du tourisme culturel dans la cit\u00e9 de Mogador.<\/p>\n<p>Le Festival \u00a0\u00bbG\u00e9n\u00e9ration Gnaoua des Jeunes\u00a0\u00bb, dans sa 2\u00e8me \u00e9dition, a \u00e9t\u00e9 agr\u00e9ment\u00e9 par une programmation all\u00e9chante, dans laquelle la question culturelle a \u00e9t\u00e9 coordonn\u00e9e et additionn\u00e9e aux divers aspects sociaux et de d\u00e9veloppement et ce, dans le cadre de l\u2019effort g\u00e9n\u00e9ral visant \u00e0 promouvoir le patrimoine de Gnaoua et \u00e0 renforcer l\u2019engagement des jeunes en faveur des initiatives de promotion de la culture, de l\u2019art et de la c\u00e9l\u00e9bration du patrimoine immat\u00e9riel, expliquent les organisateurs.<\/p>\n<p>Au menu de ce festival, figuraient un colloque autour de la th\u00e9matique \u00a0\u00bble patrimoine gnaoui et les jeunes pour le d\u00e9veloppement et l\u2019\u00e9change interculturel\u00a0\u00bb, outre un exposition collective de toiles et une Lilla Gnaouia (soir\u00e9e musciale).<\/p>\n<p>Les festivaliers ont pris part aussi \u00e0 une s\u00e9rie de soir\u00e9es artistiques anim\u00e9es par les Ma\u00e2lems Mouhssine Chalah (Essaouira), Zouha\u00efr Tahlaoui (Safi), Ismael Benaadi (Essaouira), Jalal Hachad (Casablanca), Amine Boujah (Essaouira), et Soufiane Biskouane (Marrakech).<\/p>\n<\/div>\n<p>Auteur: Meriem IGASS<br \/>\n<a href=\"http:\/\/www.mapmarrakech.ma\/fr\/tombee-du-rideau-du-2e-festival-generation-gnaoua-des-jeunes\/\">Cliquez ici pour lire l&rsquo;article depuis sa source.<\/a><\/p>\n","protected":false},"excerpt":{"rendered":"<p>Essaouira \u2013 La deuxi\u00e8me \u00e9dition du Festival \u00ab\u00a0G\u00e9n\u00e9ration Gnaoua des Jeunes\u00a0\u00bb, un \u00e9v\u00e9nement artistique et culturel tourn\u00e9 vers la pr\u00e9servation de cet art ancestral et sa transmission aux g\u00e9n\u00e9rations \u00e0 venir, a pris fin samedi soir \u00e0 Essaouira, apr\u00e8s trois jours de concerts musicaux des plus exaltants. Dans une ambiance conviviale et de liesse, des [&hellip;]<\/p>\n","protected":false},"author":1788,"featured_media":0,"comment_status":"closed","ping_status":"closed","sticky":false,"template":"","format":"standard","meta":{"fifu_image_url":"","fifu_image_alt":"","footnotes":""},"categories":[54,76],"tags":[],"class_list":["post-47529","post","type-post","status-publish","format-standard","hentry","category-maroc","category-regions"],"_links":{"self":[{"href":"https:\/\/linitiative.ca\/International\/wp-json\/wp\/v2\/posts\/47529","targetHints":{"allow":["GET"]}}],"collection":[{"href":"https:\/\/linitiative.ca\/International\/wp-json\/wp\/v2\/posts"}],"about":[{"href":"https:\/\/linitiative.ca\/International\/wp-json\/wp\/v2\/types\/post"}],"author":[{"embeddable":true,"href":"https:\/\/linitiative.ca\/International\/wp-json\/wp\/v2\/users\/1788"}],"replies":[{"embeddable":true,"href":"https:\/\/linitiative.ca\/International\/wp-json\/wp\/v2\/comments?post=47529"}],"version-history":[{"count":0,"href":"https:\/\/linitiative.ca\/International\/wp-json\/wp\/v2\/posts\/47529\/revisions"}],"wp:attachment":[{"href":"https:\/\/linitiative.ca\/International\/wp-json\/wp\/v2\/media?parent=47529"}],"wp:term":[{"taxonomy":"category","embeddable":true,"href":"https:\/\/linitiative.ca\/International\/wp-json\/wp\/v2\/categories?post=47529"},{"taxonomy":"post_tag","embeddable":true,"href":"https:\/\/linitiative.ca\/International\/wp-json\/wp\/v2\/tags?post=47529"}],"curies":[{"name":"wp","href":"https:\/\/api.w.org\/{rel}","templated":true}]}}