{"id":47530,"date":"2019-07-21T12:33:49","date_gmt":"2019-07-21T16:33:49","guid":{"rendered":"https:\/\/linitiative.ca\/International\/belaid-belhaoui-lartiste-peintre-du-vivant\/"},"modified":"2019-07-21T12:33:49","modified_gmt":"2019-07-21T16:33:49","slug":"belaid-belhaoui-lartiste-peintre-du-vivant","status":"publish","type":"post","link":"https:\/\/linitiative.ca\/International\/belaid-belhaoui-lartiste-peintre-du-vivant\/","title":{"rendered":"Bela\u00efd Belhaoui, l\u2019artiste-peintre du \u00ab\u00a0vivant\u00a0\u00bb"},"content":{"rendered":"<div readability=\"36\">\n<p>Essaouira \u2013 Dynamique, humble et enti\u00e8rement engag\u00e9 pour les bonnes causes, Bela\u00efd Belhaoui est l\u2019exemple de l\u2019artiste-peintre ayant une approche pragmatique et subtile qu\u2019il n\u2019h\u00e9site pas \u00e0 en faire usage pour refl\u00e9ter le \u00ab\u00a0vivant\u00a0\u00bb dans ses oeuvres artistiques.<\/p>\n<\/div>\n<div readability=\"138\">\n<p>Disposant de plusieurs cordes \u00e0 son arc, puisqu\u2019il s\u2019est adonn\u00e9 depuis son jeune \u00e2ge \u00e0 l\u2019art plastique, au dessin, \u00e0 la sculpture, \u00e0 la gravure et \u00e0 la photographie, Belhaoui tient scrupuleusement \u00e0 donner vie \u00e0 ses oeuvres qu\u2019il confectionne avec beaucoup d\u2019amour, de finesse et de subtilit\u00e9.<\/p>\n<p>Un choix tout \u00e0 fait justifi\u00e9 pour un artiste-peintre qui aime la vie, aller \u00e0 la d\u00e9couverte des coins et des espaces et \u00e0 la rencontre des gens pour puiser dans les traditions et les us, ce qui conf\u00e8re plus de dynamisme \u00e0 son esprit cr\u00e9atif et imaginatif, et enrichit davantage son talent artistique.<\/p>\n<p>M. Belhaoui est aussi l\u2019exemple de cet artiste-peintre vou\u00e9 \u00e0 \u00eatre pr\u00e8s des d\u00e9munis et \u00e0 les aider, car c\u2019est bien lui qui organise individuellement un Festival baptis\u00e9 \u00a0\u00bbCoeur \u00e0 Coeur\u00a0\u00bb, \u00e0 travers lequel il met les arts plastiques au service de l\u2019action caritative, en allant \u00e0 l\u2019aide des enfants d\u2019une association du nom d\u2019Ait Oublal dans la r\u00e9gion d\u2019Essaouira, \u00e0 partir des recettes g\u00e9n\u00e9r\u00e9es par cet \u00e9v\u00e9nement.<\/p>\n<p>Et il n\u2019est pas \u00e9trange pour tous ceux qui le c\u00f4toient, de le voir par exemple entrain de dessiner au coeur d\u2019un souk hebdomadaire ou dans un espace public, ou encore de se faire entourer de jeunes enfants avides de s\u2019initier aux arts plastiques.<\/p>\n<p>\u00a0\u00bbGr\u00e2ce \u00e0 la richesse, \u00e0 l\u2019authenticit\u00e9, et \u00e0 la beaut\u00e9 de mon pays si cher, le Maroc, tout au long des 30 ans que j\u2019ai pass\u00e9s \u00e0 Paris o\u00f9 je m\u2019y suis rendu \u00e0 l\u2019\u00e2ge de 20 ans pour faire des \u00e9tudes en arts plastiques, j\u2019ai toujours port\u00e9 dans mon coeur l\u2019id\u00e9e de revenir un jour \u00e0 ma terre natale pour dessiner les gens de mon pays, dans leur \u00e9tat naturel, dans leurs costumes, leurs traditions et leur v\u00e9cu quotidien\u00a0\u00bb, a confi\u00e9 \u00e0 la MAP M. Belhaoui.<\/p>\n<p>\u00a0\u00bbDans mes oeuvres artistiques, j\u2019accorde beaucoup d\u2019importance \u00e0 l\u2019authenticit\u00e9 et aux traditions. J\u2019aime tout ce qui est figuratif et toute mon ambition de parvenir dans chacune de mes toiles, mes dessins et mes peintures, \u00e0 exprimer mes sentiments de joie et de fiert\u00e9 d\u2019\u00eatre n\u00e9 Marocain, et surtout \u00e0 mettre en relief cette beaut\u00e9, cette singularit\u00e9 et cette richesse qu\u2019incarne le Maroc\u00a0\u00bb, s\u2019est-il f\u00e9licit\u00e9.<\/p>\n<p>\u00a0\u00bbMon travail artistique est concentr\u00e9 sur tout ce qui est instantan\u00e9 et vif. J\u2019adore travailler sur le terrain de mani\u00e8re spontan\u00e9e. Je dessine tout ce qui bouge, j\u2019essaye de le transposer sur ma toile tout en tentant de pr\u00e9server cette vie\u00a0\u00bb, a expliqu\u00e9 M. Belhaoui. \u00a0\u00bbC\u2019est un dessin parfois contre la montre\u00a0\u00bb, a-t-il encha\u00een\u00e9.<\/p>\n<p>Pour lui, il n\u2019est pas question de dessiner \u00e0 partir de photos prises par une cam\u00e9ra ou d\u2019objets fig\u00e9s. Il sugg\u00e8re ainsi aux artistes-peintres de travailler \u00e0 partir de tout ce qui est vivant: bref de dessiner la vie.<\/p>\n<p>\u00a0\u00bbLe travail de l\u2019atelier est, certes, indispensable mais j\u2019estime que l\u2019artiste-peintre doit sortir et peindre dehors. Un artiste-peintre fait partie de la nature, et donc doit se trouver au coeur de cette nature pour la dessiner\u00a0\u00bb, estime-t-il, notant qu\u2019un artiste-peintre a le devoir de chercher, de cr\u00e9er, de produire, et de continuer \u00e0 travailler \u00e0 chaque instant.<\/p>\n<p>Sur le choix de la ville d\u2019Essaouira comme lieu de r\u00e9sidence, ce natif de Casablanca en 1948 n\u2019a pas h\u00e9sit\u00e9 \u00e0 faire part de son amour et sa passion pour cette cit\u00e9 d\u00e8s le d\u00e9part avant de s\u2019y installer, il y a maintenant 23 ans, rappelant que la cit\u00e9 des Aliz\u00e9s lui avait tendu les bras depuis le d\u00e9part. \u00a0\u00bbC\u2019\u00e9tait incroyable. J\u2019\u00e9tais hypnotis\u00e9 par la beaut\u00e9 et la magie de cette cit\u00e9\u00a0\u00bb, se rappelle-t-il avec fiert\u00e9.<\/p>\n<p>\u00a0\u00bbCette ville m\u2019a offert tout ce dont j\u2019avais besoin. Pour moi, c\u2019est une source ind\u00e9niable d\u2019inspiration : Pas trop de monde, une multitude de paysages (mer, for\u00eats, dunes\u2026.) qui se dressent devant les visiteurs en toute symbiose, une position g\u00e9ographique strat\u00e9gique, l\u2019\u00eele de Mogador avec son histoire riche et singuli\u00e8re, la simplicit\u00e9 des habitants, la lumi\u00e8re\u2026Tous les ingr\u00e9dients pour que je puisse dessiner en tout qui\u00e9tude\u00a0\u00bb, a-t-il conclu.<\/p>\n<\/div>\n<p>Auteur: Meriem IGASS<br \/>\n<a href=\"http:\/\/www.mapmarrakech.ma\/fr\/belaid-belhaoui-lartiste-peintre-duvivant\/\">Cliquez ici pour lire l&rsquo;article depuis sa source.<\/a><\/p>\n","protected":false},"excerpt":{"rendered":"<p>Essaouira \u2013 Dynamique, humble et enti\u00e8rement engag\u00e9 pour les bonnes causes, Bela\u00efd Belhaoui est l\u2019exemple de l\u2019artiste-peintre ayant une approche pragmatique et subtile qu\u2019il n\u2019h\u00e9site pas \u00e0 en faire usage pour refl\u00e9ter le \u00ab\u00a0vivant\u00a0\u00bb dans ses oeuvres artistiques. Disposant de plusieurs cordes \u00e0 son arc, puisqu\u2019il s\u2019est adonn\u00e9 depuis son jeune \u00e2ge \u00e0 l\u2019art plastique, [&hellip;]<\/p>\n","protected":false},"author":1788,"featured_media":0,"comment_status":"closed","ping_status":"closed","sticky":false,"template":"","format":"standard","meta":{"fifu_image_url":"","fifu_image_alt":"","footnotes":""},"categories":[54,76],"tags":[],"class_list":["post-47530","post","type-post","status-publish","format-standard","hentry","category-maroc","category-regions"],"_links":{"self":[{"href":"https:\/\/linitiative.ca\/International\/wp-json\/wp\/v2\/posts\/47530","targetHints":{"allow":["GET"]}}],"collection":[{"href":"https:\/\/linitiative.ca\/International\/wp-json\/wp\/v2\/posts"}],"about":[{"href":"https:\/\/linitiative.ca\/International\/wp-json\/wp\/v2\/types\/post"}],"author":[{"embeddable":true,"href":"https:\/\/linitiative.ca\/International\/wp-json\/wp\/v2\/users\/1788"}],"replies":[{"embeddable":true,"href":"https:\/\/linitiative.ca\/International\/wp-json\/wp\/v2\/comments?post=47530"}],"version-history":[{"count":0,"href":"https:\/\/linitiative.ca\/International\/wp-json\/wp\/v2\/posts\/47530\/revisions"}],"wp:attachment":[{"href":"https:\/\/linitiative.ca\/International\/wp-json\/wp\/v2\/media?parent=47530"}],"wp:term":[{"taxonomy":"category","embeddable":true,"href":"https:\/\/linitiative.ca\/International\/wp-json\/wp\/v2\/categories?post=47530"},{"taxonomy":"post_tag","embeddable":true,"href":"https:\/\/linitiative.ca\/International\/wp-json\/wp\/v2\/tags?post=47530"}],"curies":[{"name":"wp","href":"https:\/\/api.w.org\/{rel}","templated":true}]}}