{"id":47531,"date":"2019-07-21T06:21:16","date_gmt":"2019-07-21T10:21:16","guid":{"rendered":"https:\/\/linitiative.ca\/International\/temperatures-caniculaires-sur-trois-wilayas-de-louest\/"},"modified":"2019-07-21T06:21:16","modified_gmt":"2019-07-21T10:21:16","slug":"temperatures-caniculaires-sur-trois-wilayas-de-louest","status":"publish","type":"post","link":"https:\/\/linitiative.ca\/International\/temperatures-caniculaires-sur-trois-wilayas-de-louest\/","title":{"rendered":"Temp\u00e9ratures caniculaires sur trois wilayas de l&rsquo;Ouest"},"content":{"rendered":"<div>\n<div class=\"K2FeedImage\"><img decoding=\"async\" src=\"http:\/\/www.aps.dz\/media\/k2\/items\/cache\/f30324c8c96a4e3ab462ab6e1bd9c836_S.jpg\" alt=\"Temp\u00e9ratures caniculaires sur trois wilayas de l'Ouest\"><\/div>\n<div class=\"K2FeedIntroText\">\n<p><strong>ALGER- Des temp\u00e9ratures caniculaires atteindront ou d\u00e9passeront localement les 44 degr\u00e9s Celsius sont attendues trois wilayas de l&rsquo;ouest du pays, a indiqu\u00e9 dimanche l&rsquo;Office national de m\u00e9t\u00e9orologie dans un bulletin m\u00e9t\u00e9orologique sp\u00e9cial (BMS).<\/strong><\/p>\n<\/div>\n<div class=\"K2FeedFullText\">\n<p>Ces temp\u00e9ratures caniculaires affecteront les wilayas de Relizane, le sud de Chlef et Ain Defla, a pr\u00e9cis\u00e9 la m\u00eame source, ajoutant que la validit\u00e9 de ce BMS est en cours jusqu&rsquo;au lundi \u00e0 21h00.<\/p>\n<\/div>\n<\/div>\n<p>Auteur:<br \/>\n<a href=\"http:\/\/www.aps.dz\/regions\/92217-temperatures-caniculaires-sur-trois-wilayas-de-l-ouest\">Cliquez ici pour lire l&rsquo;article depuis sa source.<\/a><\/p>\n","protected":false},"excerpt":{"rendered":"<p>ALGER- Des temp\u00e9ratures caniculaires atteindront ou d\u00e9passeront localement les 44 degr\u00e9s Celsius sont attendues trois wilayas de l&rsquo;ouest du pays, a indiqu\u00e9 dimanche l&rsquo;Office national de m\u00e9t\u00e9orologie dans un bulletin m\u00e9t\u00e9orologique sp\u00e9cial (BMS). Ces temp\u00e9ratures caniculaires affecteront les wilayas de Relizane, le sud de Chlef et Ain Defla, a pr\u00e9cis\u00e9 la m\u00eame source, ajoutant que [&hellip;]<\/p>\n","protected":false},"author":1790,"featured_media":47532,"comment_status":"closed","ping_status":"closed","sticky":false,"template":"","format":"standard","meta":{"fifu_image_url":"","fifu_image_alt":"","footnotes":""},"categories":[53,76],"tags":[],"class_list":["post-47531","post","type-post","status-publish","format-standard","has-post-thumbnail","hentry","category-algerie","category-regions"],"_links":{"self":[{"href":"https:\/\/linitiative.ca\/International\/wp-json\/wp\/v2\/posts\/47531","targetHints":{"allow":["GET"]}}],"collection":[{"href":"https:\/\/linitiative.ca\/International\/wp-json\/wp\/v2\/posts"}],"about":[{"href":"https:\/\/linitiative.ca\/International\/wp-json\/wp\/v2\/types\/post"}],"author":[{"embeddable":true,"href":"https:\/\/linitiative.ca\/International\/wp-json\/wp\/v2\/users\/1790"}],"replies":[{"embeddable":true,"href":"https:\/\/linitiative.ca\/International\/wp-json\/wp\/v2\/comments?post=47531"}],"version-history":[{"count":0,"href":"https:\/\/linitiative.ca\/International\/wp-json\/wp\/v2\/posts\/47531\/revisions"}],"wp:featuredmedia":[{"embeddable":true,"href":"https:\/\/linitiative.ca\/International\/wp-json\/"}],"wp:attachment":[{"href":"https:\/\/linitiative.ca\/International\/wp-json\/wp\/v2\/media?parent=47531"}],"wp:term":[{"taxonomy":"category","embeddable":true,"href":"https:\/\/linitiative.ca\/International\/wp-json\/wp\/v2\/categories?post=47531"},{"taxonomy":"post_tag","embeddable":true,"href":"https:\/\/linitiative.ca\/International\/wp-json\/wp\/v2\/tags?post=47531"}],"curies":[{"name":"wp","href":"https:\/\/api.w.org\/{rel}","templated":true}]}}