{"id":47533,"date":"2019-07-21T06:38:54","date_gmt":"2019-07-21T10:38:54","guid":{"rendered":"https:\/\/linitiative.ca\/International\/la-fanfare-de-la-protection-civile-egaye-les-annabis\/"},"modified":"2019-07-21T06:38:54","modified_gmt":"2019-07-21T10:38:54","slug":"la-fanfare-de-la-protection-civile-egaye-les-annabis","status":"publish","type":"post","link":"https:\/\/linitiative.ca\/International\/la-fanfare-de-la-protection-civile-egaye-les-annabis\/","title":{"rendered":"La fanfare de la protection civile \u00e9gaye les annabis"},"content":{"rendered":"<div>\n<div class=\"K2FeedIntroText\">\n<p><strong>ANNABA- La fanfare de la protection civile a \u00e9gay\u00e9 samedi soir la population annabis descendue dans les rues f\u00eater la cons\u00e9cration de l\u2019\u00e9quipe nationale de football champion d\u2019Afrique.<\/strong><\/p>\n<\/div>\n<div class=\"K2FeedFullText\">\n<p>La fanfare a sillonn\u00e9 la c\u00e9l\u00e8bre place publique de la coquette qu\u2019est le cours de la r\u00e9volution produisant une exhibition hautement festive marqu\u00e9e par des chants patriotiques rythm\u00e9s par les puissants et harmonieux sons de tambours et saxos.<\/p>\n<p>La co\u00efncidence de cette manifestation qui se tient au th\u00e9\u00e2tre r\u00e9gional Azzedine Medjoubi avec la finale de la coupe d\u2019Afrique d\u00e9croch\u00e9 par la s\u00e9lection nationale a spontan\u00e9ment prolong\u00e9 la joie collective des annabis \u00e0 l\u2019instar des autres alg\u00e9riens de la victoire du titre continental.<\/p>\n<p>Les 80 instrumentalistes composant cette fanfare ont excell\u00e9 dans les morceaux ex\u00e9cut\u00e9es au plus grand plaisir du public qui les a chaleureusement salu\u00e9s.<\/p>\n<p>La manifestation s\u2019est poursuivie au th\u00e9\u00e2tre r\u00e9gional par la pr\u00e9sentation de la pi\u00e8ce \u2018\u2018Azikat El Atfal\u2019\u2019 (les ruelles des enfants) de la troupe Mouthaleth El-Hayat de l\u2019unit\u00e9 nationale d\u2019instruction et d\u2019intervention de la protection civile de Dar El Beida (Alger).<\/p>\n<p>Mis en sc\u00e8ne par Mohamed Belkisria, le spectacle d\u2019une heure a retrac\u00e9 les diff\u00e9rentes phases de l\u2019histoire du combat du peuple alg\u00e9rien pour l\u2019ind\u00e9pendance au travers de l\u2019histoire d\u2019une famille ordinaire dont tous les enfants aux centres d\u2019int\u00e9r\u00eat tr\u00e8s diff\u00e9rentes rejoignent le combat de la libert\u00e9 un \u00e0 un sans que nul ne tient l\u2019autre au courant de son engagement.<\/p>\n<p>Selon les cadres du th\u00e9\u00e2tre r\u00e9gional d\u2019Annaba, la manifestation initi\u00e9e par le concours de la direction de la culture est en soi un hommage \u00e0 ce corps constitu\u00e9 dont les membres affrontent les multiples dangers pour pr\u00e9server la s\u00e9curit\u00e9 des autres membres de la communaut\u00e9 nationale.<\/p>\n<\/div>\n<\/div>\n<p>Auteur:<br \/>\n<a href=\"http:\/\/www.aps.dz\/regions\/92218-la-fanfare-de-la-protection-civile-egaye-les-annabis\">Cliquez ici pour lire l&rsquo;article depuis sa source.<\/a><\/p>\n","protected":false},"excerpt":{"rendered":"<p>ANNABA- La fanfare de la protection civile a \u00e9gay\u00e9 samedi soir la population annabis descendue dans les rues f\u00eater la cons\u00e9cration de l\u2019\u00e9quipe nationale de football champion d\u2019Afrique. La fanfare a sillonn\u00e9 la c\u00e9l\u00e8bre place publique de la coquette qu\u2019est le cours de la r\u00e9volution produisant une exhibition hautement festive marqu\u00e9e par des chants patriotiques [&hellip;]<\/p>\n","protected":false},"author":1790,"featured_media":0,"comment_status":"closed","ping_status":"closed","sticky":false,"template":"","format":"standard","meta":{"fifu_image_url":"","fifu_image_alt":"","footnotes":""},"categories":[53,76],"tags":[],"class_list":["post-47533","post","type-post","status-publish","format-standard","hentry","category-algerie","category-regions"],"_links":{"self":[{"href":"https:\/\/linitiative.ca\/International\/wp-json\/wp\/v2\/posts\/47533","targetHints":{"allow":["GET"]}}],"collection":[{"href":"https:\/\/linitiative.ca\/International\/wp-json\/wp\/v2\/posts"}],"about":[{"href":"https:\/\/linitiative.ca\/International\/wp-json\/wp\/v2\/types\/post"}],"author":[{"embeddable":true,"href":"https:\/\/linitiative.ca\/International\/wp-json\/wp\/v2\/users\/1790"}],"replies":[{"embeddable":true,"href":"https:\/\/linitiative.ca\/International\/wp-json\/wp\/v2\/comments?post=47533"}],"version-history":[{"count":0,"href":"https:\/\/linitiative.ca\/International\/wp-json\/wp\/v2\/posts\/47533\/revisions"}],"wp:attachment":[{"href":"https:\/\/linitiative.ca\/International\/wp-json\/wp\/v2\/media?parent=47533"}],"wp:term":[{"taxonomy":"category","embeddable":true,"href":"https:\/\/linitiative.ca\/International\/wp-json\/wp\/v2\/categories?post=47533"},{"taxonomy":"post_tag","embeddable":true,"href":"https:\/\/linitiative.ca\/International\/wp-json\/wp\/v2\/tags?post=47533"}],"curies":[{"name":"wp","href":"https:\/\/api.w.org\/{rel}","templated":true}]}}