{"id":47537,"date":"2019-07-21T10:24:32","date_gmt":"2019-07-21T14:24:32","guid":{"rendered":"https:\/\/linitiative.ca\/International\/tissemsilt-une-campagne-de-sensibilisation-sur-les-risques-des-feux-de-forets-et-de-noyade-dans-les-plans-deau\/"},"modified":"2019-07-21T10:24:32","modified_gmt":"2019-07-21T14:24:32","slug":"tissemsilt-une-campagne-de-sensibilisation-sur-les-risques-des-feux-de-forets-et-de-noyade-dans-les-plans-deau","status":"publish","type":"post","link":"https:\/\/linitiative.ca\/International\/tissemsilt-une-campagne-de-sensibilisation-sur-les-risques-des-feux-de-forets-et-de-noyade-dans-les-plans-deau\/","title":{"rendered":"Tissemsilt: une campagne de sensibilisation sur les risques des feux de for\u00eats et de noyade dans les plans d\u2019eau"},"content":{"rendered":"<div>\n<div class=\"K2FeedIntroText\">\n<p><strong>TISSEMSILT &#8211; Une campagne de sensibilisation sur les risques des feux de for\u00eats et de noyade dans les plans d\u2019eau a \u00e9t\u00e9 lanc\u00e9e dimanche \u00e0 Tissemsilt, a-t-on appris des organisateurs.<\/strong><\/p>\n<\/div>\n<div class=\"K2FeedFullText\">\n<p>Initi\u00e9e par la direction de la protection civile, cette manifestation porte sur la distribution de d\u00e9pliants, la tenue de rencontres de proximit\u00e9 dans les places publiques pour prodiguer des conseils et des orientations sur les causes des feux de for\u00eats et des noyades dans les plans d\u2019eau, barrages, lacs et oueds, a soulign\u00e9 le charg\u00e9 de la communication de la direction de la protection civile, le lieutenant Abdelkader Benchohra.<\/p>\n<p>Au programme de cette manifestation de deux mois figurent des cours donn\u00e9s aux mosqu\u00e9es des communes de la wilaya pour insister sur les risques induits des feux de for\u00eats, les moyens d\u2019y pr\u00e9venir. Une caravane sera organis\u00e9e pour sillonner les 22 communes de la wilaya avec la distribution\u00a0de d\u00e9pliants et des publications aux citoyens et aux agriculteurs sur la protection des for\u00eats et la pr\u00e9vention des noyades dans les plans d\u2019eau.<\/p>\n<p>Des \u00e9missions de radio sont programm\u00e9es sur ce sujet avec la participation des cadres de la direction d e la protection civile et la conservation des for\u00eats.<\/p>\n<p>Plusieurs secteurs sont impliqu\u00e9s en vue de la r\u00e9ussite de cette campagne de sensibilisation ,a soulign\u00e9 le Lieutenant Abdelkader Benchohra.<\/p>\n<\/div>\n<\/div>\n<p>Auteur:<br \/>\n<a href=\"http:\/\/www.aps.dz\/regions\/92240-tissemsilt-une-campagne-de-sensibilisation-sur-les-risques-des-feux-de-forets-et-de-noyade-dans-les-plans-d-eau\">Cliquez ici pour lire l&rsquo;article depuis sa source.<\/a><\/p>\n","protected":false},"excerpt":{"rendered":"<p>TISSEMSILT &#8211; Une campagne de sensibilisation sur les risques des feux de for\u00eats et de noyade dans les plans d\u2019eau a \u00e9t\u00e9 lanc\u00e9e dimanche \u00e0 Tissemsilt, a-t-on appris des organisateurs. Initi\u00e9e par la direction de la protection civile, cette manifestation porte sur la distribution de d\u00e9pliants, la tenue de rencontres de proximit\u00e9 dans les places [&hellip;]<\/p>\n","protected":false},"author":1790,"featured_media":0,"comment_status":"closed","ping_status":"closed","sticky":false,"template":"","format":"standard","meta":{"fifu_image_url":"","fifu_image_alt":"","footnotes":""},"categories":[53,76],"tags":[],"class_list":["post-47537","post","type-post","status-publish","format-standard","hentry","category-algerie","category-regions"],"_links":{"self":[{"href":"https:\/\/linitiative.ca\/International\/wp-json\/wp\/v2\/posts\/47537","targetHints":{"allow":["GET"]}}],"collection":[{"href":"https:\/\/linitiative.ca\/International\/wp-json\/wp\/v2\/posts"}],"about":[{"href":"https:\/\/linitiative.ca\/International\/wp-json\/wp\/v2\/types\/post"}],"author":[{"embeddable":true,"href":"https:\/\/linitiative.ca\/International\/wp-json\/wp\/v2\/users\/1790"}],"replies":[{"embeddable":true,"href":"https:\/\/linitiative.ca\/International\/wp-json\/wp\/v2\/comments?post=47537"}],"version-history":[{"count":0,"href":"https:\/\/linitiative.ca\/International\/wp-json\/wp\/v2\/posts\/47537\/revisions"}],"wp:attachment":[{"href":"https:\/\/linitiative.ca\/International\/wp-json\/wp\/v2\/media?parent=47537"}],"wp:term":[{"taxonomy":"category","embeddable":true,"href":"https:\/\/linitiative.ca\/International\/wp-json\/wp\/v2\/categories?post=47537"},{"taxonomy":"post_tag","embeddable":true,"href":"https:\/\/linitiative.ca\/International\/wp-json\/wp\/v2\/tags?post=47537"}],"curies":[{"name":"wp","href":"https:\/\/api.w.org\/{rel}","templated":true}]}}