{"id":47538,"date":"2019-07-21T13:00:20","date_gmt":"2019-07-21T17:00:20","guid":{"rendered":"https:\/\/linitiative.ca\/International\/chlef-plus-de-700-enfants-sensibilises-a-leconomie-de-leau\/"},"modified":"2019-07-21T13:00:20","modified_gmt":"2019-07-21T17:00:20","slug":"chlef-plus-de-700-enfants-sensibilises-a-leconomie-de-leau","status":"publish","type":"post","link":"https:\/\/linitiative.ca\/International\/chlef-plus-de-700-enfants-sensibilises-a-leconomie-de-leau\/","title":{"rendered":"Chlef : plus de 700 enfants  sensibilis\u00e9s \u00e0 l\u2019\u00e9conomie de l\u2019eau"},"content":{"rendered":"<div>\n<div class=\"K2FeedImage\"><img decoding=\"async\" src=\"http:\/\/www.aps.dz\/media\/k2\/items\/cache\/bf1ccc276722819ccc4585611ddf07c7_S.jpg\" alt=\"Chlef : plus de 700 enfants  sensibilis\u00e9s \u00e0 l\u2019\u00e9conomie de l\u2019eau\"><\/div>\n<div class=\"K2FeedIntroText\">\n<p><strong>\u00a0CHLEF- Plus de 700 enfants, relevant de trois camps de vacances de la wilaya de Chlef, ont \u00e9t\u00e9 cibl\u00e9s par une campagne de sensibilisation \u00e0 l\u2019\u00e9conomie de l\u2019eau et \u00e0 la pr\u00e9servation des ressources hydriques, initi\u00e9e par l\u2019Agence du bassin hydrographique \u00ab\u00a0Cheliff-Zahrez\u00a0\u00bb, a-t-on appris, dimanche, aupr\u00e8s des services de cette structure.<\/strong><\/p>\n<\/div>\n<div class=\"K2FeedFullText\">\n<p>L\u2019op\u00e9ration, inscrite au titre du plan d\u2019action annuel de l\u2019Agence nationale de gestion int\u00e9gr\u00e9e des ressources en eau (AGIRE), coiffant cette Agence du bassin hydrographique \u00ab\u00a0Cheliff-Zahrez\u00a0\u00bb, a port\u00e9 sur la sensibilisation de plus de 700 enfants, au niveau de trois camps de vacances, sur \u00ab\u00a0l\u2019imp\u00e9ratif de l\u2018\u00e9conomie de l\u2019eau\u00a0\u00bb, a indiqu\u00e9 \u00e0 l\u2019APS la\u00a0responsable en charge du service de communication aupr\u00e8s de cette agence, Djamila Foudil.<\/p>\n<p>Il s\u2019agit, a-t-elle ajout\u00e9, de la \u00ab\u00a0premi\u00e8re \u00e9tape d\u2019une large campagne d\u2019information ciblant, \u00e0 terme, 6000 enfants\u00a0\u00bb. \u00ab\u00a0L\u2019op\u00e9ration, visant \u00e0 mettre un terme aux reflexes n\u00e9gatifs en mati\u00e8re d\u2019exploitation des ressources en eau, durant la saison estivale notamment, a touch\u00e9 les camps de vacances de Boucheghal, T\u00e9n\u00e9s, et El Marsa, dans l\u2019attente d\u2019englober d\u2019autres camps similaires\u00a0\u00bb, a-t-elle fait savoir.<\/p>\n<p>La responsable a signal\u00e9 l\u2019animation, \u00e0 cet effet, de nombreuses activit\u00e9s portant dans leur ensemble sur les bons reflexes garants de la pr\u00e9servation de l\u2019eau, outre un cours p\u00e9dagogique sur le m\u00eame sujet, des jeux, et la distribution de brochures d\u2019information.<\/p>\n<blockquote>\n<p><em><strong>\u00a0\u00ab\u00a0Par ce type d\u2019initiatives, nous visons surtout \u00e0 ancrer chez les nouvelles g\u00e9n\u00e9rations une nouvelle culture li\u00e9e \u00e0 l\u2019\u00e9conomie de l\u2019eau, tout en les sensibilisant sur l\u2019imp\u00e9ratif de pr\u00e9server la mer de la pollution, consid\u00e9rant qu\u2019elle constitue une autre ressource hydrique exploitable\u00a0\u00bb, a expliqu\u00e9 Djamila Foudil.<\/strong><\/em><\/p>\n<\/blockquote>\n<p>A noter que \u00a0le lancement de cette campagne de sensibilisation \u00a0a eu lieu le 15 du mois courant et se poursuivra \u00a0jusqu\u2019\u00e0 la fin de la saison estivale. Une op\u00e9ration similaire, lanc\u00e9e l\u2019\u00e9t\u00e9 dernier, a profit\u00e9 \u00e0 plus de 6000 enfants, a-t-on appris des organisateurs.<\/p>\n<\/div>\n<\/div>\n<p>Auteur:<br \/>\n<a href=\"http:\/\/www.aps.dz\/regions\/92241-chlef-plus-de-700-enfants-sensibilises-a-l-economie-de-l-eau\">Cliquez ici pour lire l&rsquo;article depuis sa source.<\/a><\/p>\n","protected":false},"excerpt":{"rendered":"<p>\u00a0CHLEF- Plus de 700 enfants, relevant de trois camps de vacances de la wilaya de Chlef, ont \u00e9t\u00e9 cibl\u00e9s par une campagne de sensibilisation \u00e0 l\u2019\u00e9conomie de l\u2019eau et \u00e0 la pr\u00e9servation des ressources hydriques, initi\u00e9e par l\u2019Agence du bassin hydrographique \u00ab\u00a0Cheliff-Zahrez\u00a0\u00bb, a-t-on appris, dimanche, aupr\u00e8s des services de cette structure. L\u2019op\u00e9ration, inscrite au titre [&hellip;]<\/p>\n","protected":false},"author":1790,"featured_media":47539,"comment_status":"closed","ping_status":"closed","sticky":false,"template":"","format":"standard","meta":{"fifu_image_url":"","fifu_image_alt":"","footnotes":""},"categories":[53,76],"tags":[],"class_list":["post-47538","post","type-post","status-publish","format-standard","has-post-thumbnail","hentry","category-algerie","category-regions"],"_links":{"self":[{"href":"https:\/\/linitiative.ca\/International\/wp-json\/wp\/v2\/posts\/47538","targetHints":{"allow":["GET"]}}],"collection":[{"href":"https:\/\/linitiative.ca\/International\/wp-json\/wp\/v2\/posts"}],"about":[{"href":"https:\/\/linitiative.ca\/International\/wp-json\/wp\/v2\/types\/post"}],"author":[{"embeddable":true,"href":"https:\/\/linitiative.ca\/International\/wp-json\/wp\/v2\/users\/1790"}],"replies":[{"embeddable":true,"href":"https:\/\/linitiative.ca\/International\/wp-json\/wp\/v2\/comments?post=47538"}],"version-history":[{"count":0,"href":"https:\/\/linitiative.ca\/International\/wp-json\/wp\/v2\/posts\/47538\/revisions"}],"wp:featuredmedia":[{"embeddable":true,"href":"https:\/\/linitiative.ca\/International\/wp-json\/"}],"wp:attachment":[{"href":"https:\/\/linitiative.ca\/International\/wp-json\/wp\/v2\/media?parent=47538"}],"wp:term":[{"taxonomy":"category","embeddable":true,"href":"https:\/\/linitiative.ca\/International\/wp-json\/wp\/v2\/categories?post=47538"},{"taxonomy":"post_tag","embeddable":true,"href":"https:\/\/linitiative.ca\/International\/wp-json\/wp\/v2\/tags?post=47538"}],"curies":[{"name":"wp","href":"https:\/\/api.w.org\/{rel}","templated":true}]}}