{"id":47542,"date":"2019-07-20T19:44:43","date_gmt":"2019-07-20T23:44:43","guid":{"rendered":"https:\/\/linitiative.ca\/International\/hamid-bouchnak-et-hatim-ammor-envoutent-le-public-doujda\/"},"modified":"2019-07-20T19:44:43","modified_gmt":"2019-07-20T23:44:43","slug":"hamid-bouchnak-et-hatim-ammor-envoutent-le-public-doujda","status":"publish","type":"post","link":"https:\/\/linitiative.ca\/International\/hamid-bouchnak-et-hatim-ammor-envoutent-le-public-doujda\/","title":{"rendered":"Hamid Bouchnak et Hatim Ammor envo\u00fbtent le public d\u2019Oujda"},"content":{"rendered":"<div readability=\"37\">\n<p>Les f\u00e9rus de la musique marocaine moderne et du style Ra\u00ef ont \u00e9t\u00e9 gratifi\u00e9, vendredi soir, d\u2019un concert m\u00e9morable ex\u00e9cut\u00e9 par les c\u00e9l\u00e8bres artistes Hamid Bouchnak et Hatim Ammor, \u00e0 l\u2019occasion de la 13e \u00e9dition du Festival international du Ra\u00ef d\u2019Oujda.<\/p>\n<\/div>\n<div readability=\"96\">\n<p>Une soir\u00e9e mouvement\u00e9e rehauss\u00e9e \u00e9galement par la prestation in\u00e9gal\u00e9e du DJ Ovni et du jeune alg\u00e9rien Fayssal Mignon qui ont ouvert le bal de ce concert haut en couleurs.<\/p>\n<p>Sur la grande sc\u00e8ne du Stade d\u2019honneur, Bouchnak a envo\u00fbt\u00e9 un public, qui n\u2019a cess\u00e9 d\u2019entonner en ch\u0153ur ses chansons pr\u00e9f\u00e9r\u00e9es et de vibrer dans une ambiance des plus conviviales.<\/p>\n<p>Une osmose marquante s\u2019est rapidement \u00e9tablie entre le natif d\u2019Oujda et les festivaliers qui n\u2019ont eu de cesse d\u2019accompagner l\u2019artiste \u00e0 l\u2019unisson dans l\u2019interpr\u00e9tation de ses tubes \u00e0 grand succ\u00e8s notamment Salamo Alikom, Hia Hia, Goli Alch Kwitini ou encore Oulad Lmdina.<\/p>\n<p>\u00abJe remercie le public oujdi qui m\u2019a soutenu depuis mes d\u00e9buts artistiques mais aussi la ville d\u2019Oujda qui m\u2019a tant inspir\u00e9e\u00bb, a indiqu\u00e9 Bouchnak lors de la conf\u00e9rence de presse d\u2019avant-concert.<\/p>\n<p>\u00abCertes, la musique fait vibrer et danser les gens mais aussi et surtout elle les transporte dans des univers de romance, de souvenirs et de joie\u00bb, a-t-il expliqu\u00e9.<\/p>\n<p>Au sujet de sa participation \u00e0 un \u00e9ventuel duo, Hamid Bouchnak a affirm\u00e9 qu\u2019il ne compte pas \u00e0 pr\u00e9sent y s\u2019aventurer \u00e0 moins qu\u2019il ne soit s\u00fbr que cette exp\u00e9rience aura un succ\u00e8s similaire \u00e0 celui de ses anciens duos \u00e0 grand succ\u00e8s avec Malek, Cheba Maria ou encore la diva Hajja Hamdaouia.<\/p>\n<p>Il par ailleurs not\u00e9 que le Festival international du Rai d\u2019Oujda se veut l\u2019occasion de faire connaitre les jeunes artistes de la r\u00e9gion, mais aussi de mettre en avant les atouts naturels et culturels dont regorge la cit\u00e9 mill\u00e9naire d\u2019Oujda.<\/p>\n<p>La musique marocaine moderne a \u00e9galement \u00e9t\u00e9 \u00e0 l\u2019honneur lors de cette 13e \u00e9dition avec la prestation de l\u2019artiste Ammor qui a su cr\u00e9er des moments de joie et d\u2019euphorie d\u00e8s sa mont\u00e9e sur sc\u00e8ne.<\/p>\n<p>Avec des tubes \u00e0 grand succ\u00e8s comme \u00ab\u00a0Khadija\u00a0\u00bb, \u201cAkher marra\u201d, \u201cHasdouna\u201d, \u201cRaha bayna\u201d ou encore \u201cMchiti fiha\u201d, le talentueux Ammor a fait sensation aupr\u00e8s de ses fans venus rencontrer leur artiste pr\u00e9f\u00e9r\u00e9.<\/p>\n<p>N\u00e9 en 1981, Hatim Ammor s\u2019est fait remarquer gr\u00e2ce \u00e0 sa victoire \u00e0 la 5e \u00e9dition de Studio \u201c2M\u201d. Il a enregistr\u00e9 son premier titre \u201cWala Marra\u201d, en collaboration avec le musicien libanais Marouane Khoury. Son premier album Gouli a connu un franc succ\u00e8s.<\/p>\n<p>Plac\u00e9e sous le Haut patronage de SM le Roi Mohammed VI, la 13\u00e8me \u00e9dition du Festival international du Ra\u00ef, qui se tient du 16 au 20 juillet \u00e0 Oujda, pr\u00e9sente un large \u00e9ventail d\u2019activit\u00e9s artistiques alliant musique marocaine, rai, rap, reggada, chaabi et autres.<\/p>\n<\/div>\n<p>Auteur: Soufiane ELAHMAR<br \/>\n<a href=\"http:\/\/www.mapoujda.ma\/fr\/hamid-bouchnak-et-hatim-ammor-envoutent-le-public-doujda\/\">Cliquez ici pour lire l&rsquo;article depuis sa source.<\/a><\/p>\n","protected":false},"excerpt":{"rendered":"<p>Les f\u00e9rus de la musique marocaine moderne et du style Ra\u00ef ont \u00e9t\u00e9 gratifi\u00e9, vendredi soir, d\u2019un concert m\u00e9morable ex\u00e9cut\u00e9 par les c\u00e9l\u00e8bres artistes Hamid Bouchnak et Hatim Ammor, \u00e0 l\u2019occasion de la 13e \u00e9dition du Festival international du Ra\u00ef d\u2019Oujda. Une soir\u00e9e mouvement\u00e9e rehauss\u00e9e \u00e9galement par la prestation in\u00e9gal\u00e9e du DJ Ovni et du [&hellip;]<\/p>\n","protected":false},"author":1788,"featured_media":0,"comment_status":"closed","ping_status":"closed","sticky":false,"template":"","format":"standard","meta":{"fifu_image_url":"","fifu_image_alt":"","footnotes":""},"categories":[54,76],"tags":[],"class_list":["post-47542","post","type-post","status-publish","format-standard","hentry","category-maroc","category-regions"],"_links":{"self":[{"href":"https:\/\/linitiative.ca\/International\/wp-json\/wp\/v2\/posts\/47542","targetHints":{"allow":["GET"]}}],"collection":[{"href":"https:\/\/linitiative.ca\/International\/wp-json\/wp\/v2\/posts"}],"about":[{"href":"https:\/\/linitiative.ca\/International\/wp-json\/wp\/v2\/types\/post"}],"author":[{"embeddable":true,"href":"https:\/\/linitiative.ca\/International\/wp-json\/wp\/v2\/users\/1788"}],"replies":[{"embeddable":true,"href":"https:\/\/linitiative.ca\/International\/wp-json\/wp\/v2\/comments?post=47542"}],"version-history":[{"count":0,"href":"https:\/\/linitiative.ca\/International\/wp-json\/wp\/v2\/posts\/47542\/revisions"}],"wp:attachment":[{"href":"https:\/\/linitiative.ca\/International\/wp-json\/wp\/v2\/media?parent=47542"}],"wp:term":[{"taxonomy":"category","embeddable":true,"href":"https:\/\/linitiative.ca\/International\/wp-json\/wp\/v2\/categories?post=47542"},{"taxonomy":"post_tag","embeddable":true,"href":"https:\/\/linitiative.ca\/International\/wp-json\/wp\/v2\/tags?post=47542"}],"curies":[{"name":"wp","href":"https:\/\/api.w.org\/{rel}","templated":true}]}}