{"id":47543,"date":"2019-07-20T20:03:40","date_gmt":"2019-07-21T00:03:40","guid":{"rendered":"https:\/\/linitiative.ca\/International\/muslim-et-cheb-younes-offrent-un-show-survolte\/"},"modified":"2019-07-20T20:03:40","modified_gmt":"2019-07-21T00:03:40","slug":"muslim-et-cheb-younes-offrent-un-show-survolte","status":"publish","type":"post","link":"https:\/\/linitiative.ca\/International\/muslim-et-cheb-younes-offrent-un-show-survolte\/","title":{"rendered":"Muslim et Cheb Younes offrent un show survolt\u00e9"},"content":{"rendered":"<p><iframe loading=\"lazy\" width=\"1170\" height=\"658\" src=\"https:\/\/www.youtube.com\/embed\/7hbQ4w2YPok?feature=oembed\" frameborder=\"0\" allow=\"accelerometer; autoplay; encrypted-media; gyroscope; picture-in-picture\" allowfullscreen=\"\">[embedded content]<\/iframe><\/p>\n<div class=\"post-header-inner\">\n<div class=\"post-header-title\">\n<p>\n\t\t\t\t<span class=\"time\"><time class=\"post-published updated\" datetime=\"2019-07-21T01:03:40+00:00\"><b><b> 21 juillet 2019 <\/b> <\/b><\/time><\/span>\n\t\t\t<\/p>\n<\/p><\/div>\n<\/p><\/div>\n<div class=\"single-post-excerpt post-excerpt-bc\" readability=\"36\">\n<p>Des hits d\u00e9cha\u00een\u00e9s et dansants coupl\u00e9s d\u2019une ambiance conviviale, tel est le cocktail offert par les deux artistes Muslim et Cheb Younes, dans le cadre de la 13\u00e8me \u00e9dition du Festival international du Ra\u00ef d\u2019Oujda.<\/p>\n<\/div>\n<p>Auteur: Soufiane ELAHMAR<br \/>\n<a href=\"http:\/\/www.mapoujda.ma\/fr\/muslim-et-cheb-younes-offrent-un-show-survolte-2\/\">Cliquez ici pour lire l&rsquo;article depuis sa source.<\/a><\/p>\n","protected":false},"excerpt":{"rendered":"<p>[embedded content] 21 juillet 2019 Des hits d\u00e9cha\u00een\u00e9s et dansants coupl\u00e9s d\u2019une ambiance conviviale, tel est le cocktail offert par les deux artistes Muslim et Cheb Younes, dans le cadre de la 13\u00e8me \u00e9dition du Festival international du Ra\u00ef d\u2019Oujda. Auteur: Soufiane ELAHMAR Cliquez ici pour lire l&rsquo;article depuis sa source.<\/p>\n","protected":false},"author":1788,"featured_media":0,"comment_status":"closed","ping_status":"closed","sticky":false,"template":"","format":"standard","meta":{"fifu_image_url":"","fifu_image_alt":"","footnotes":""},"categories":[54,76],"tags":[],"class_list":["post-47543","post","type-post","status-publish","format-standard","hentry","category-maroc","category-regions"],"_links":{"self":[{"href":"https:\/\/linitiative.ca\/International\/wp-json\/wp\/v2\/posts\/47543","targetHints":{"allow":["GET"]}}],"collection":[{"href":"https:\/\/linitiative.ca\/International\/wp-json\/wp\/v2\/posts"}],"about":[{"href":"https:\/\/linitiative.ca\/International\/wp-json\/wp\/v2\/types\/post"}],"author":[{"embeddable":true,"href":"https:\/\/linitiative.ca\/International\/wp-json\/wp\/v2\/users\/1788"}],"replies":[{"embeddable":true,"href":"https:\/\/linitiative.ca\/International\/wp-json\/wp\/v2\/comments?post=47543"}],"version-history":[{"count":0,"href":"https:\/\/linitiative.ca\/International\/wp-json\/wp\/v2\/posts\/47543\/revisions"}],"wp:attachment":[{"href":"https:\/\/linitiative.ca\/International\/wp-json\/wp\/v2\/media?parent=47543"}],"wp:term":[{"taxonomy":"category","embeddable":true,"href":"https:\/\/linitiative.ca\/International\/wp-json\/wp\/v2\/categories?post=47543"},{"taxonomy":"post_tag","embeddable":true,"href":"https:\/\/linitiative.ca\/International\/wp-json\/wp\/v2\/tags?post=47543"}],"curies":[{"name":"wp","href":"https:\/\/api.w.org\/{rel}","templated":true}]}}