{"id":47544,"date":"2019-07-21T07:50:49","date_gmt":"2019-07-21T11:50:49","guid":{"rendered":"https:\/\/linitiative.ca\/International\/cheb-nasro-clot-en-beaute-le-festival-international-du-rai\/"},"modified":"2019-07-21T07:50:49","modified_gmt":"2019-07-21T11:50:49","slug":"cheb-nasro-clot-en-beaute-le-festival-international-du-rai","status":"publish","type":"post","link":"https:\/\/linitiative.ca\/International\/cheb-nasro-clot-en-beaute-le-festival-international-du-rai\/","title":{"rendered":"Cheb Nasro cl\u00f4t en beaut\u00e9 le Festival international du Ra\u00ef"},"content":{"rendered":"<div readability=\"36\">\n<p>La 13e \u00e9dition du Festival international du Ra\u00ef d\u2019Oujda a pris fin, samedi soir, sur une prestation enflamm\u00e9e de l\u2019artiste alg\u00e9rien Cheb Nesrou qui a gratifi\u00e9 le public d\u2019un floril\u00e8ge de ses chansons des plus sentimentales.<\/p>\n<\/div>\n<div readability=\"104\">\n<p>Sur la grande sc\u00e8ne du Stade d\u2019honneur, Nesro, de son vrai nom Nassreddine Souidi, a chant\u00e9 et enchant\u00e9 le public, compos\u00e9 en grande partie de jeunes, avec un cocktail musical puis\u00e9 dans son riche r\u00e9pertoire, dont notamment \u00ab\u00a0Ndirk amour\u00a0\u00bb, \u00ab\u00a0choufi lmktoub ki lakana\u00a0\u00bb, \u00ab\u00a0mabkach Laman\u00a0\u00bb et bien d\u2019autres.<\/p>\n<p>Surnomm\u00e9 le Prince du ra\u00ef sentimental dans les ann\u00e9es 1990, Cheb Nesro a su tenir ses fans en haleine tout le long d\u2019un concert o\u00f9 ils ont repris en ch\u0153ur avec lui ses c\u00e9l\u00e8bres tubes dont \u00ab\u00a0Hbibi gouli mazal tbghini\u00a0\u00bb, \u00ab\u00a0Atak Rbi blassa fi galbi\u00a0\u00bb ou encore \u00ab\u00a0Ndirak amour\u00a0\u00bb.<\/p>\n<p>\u00ab\u00a0Je suis extr\u00eamement ravi de revenir chanter \u00e0 Oujda\u00a0\u00bb, s\u2019est f\u00e9licit\u00e9 Cheb Nesro lors de la conf\u00e9rence de presse d\u2019avant-concert, notant que son dernier concert organis\u00e9 dans cette ville remonte \u00e0 1994.<\/p>\n<p>Nesro, qui a renou\u00e9 avec le paysage artistique apr\u00e8s un long retrait de 20 ans, a fait savoir que ses prochains \u0153uvres comprennent deux clips qui seront lanc\u00e9s respectivement en ao\u00fbt et en septembre prochains.<\/p>\n<p>\u00ab\u00a0Je profite de cette occasion pour remercier chaleureusement mes fr\u00e8res marocains ayant largement soutenu la s\u00e9lection alg\u00e9rienne de football lors de cette CAN 2019\u00a0\u00bb, a-t-il dit.<\/p>\n<p>Cette soir\u00e9e a \u00e9t\u00e9 \u00e9galement marqu\u00e9e par la prestation de la chanteuse marocaine Najat Rajoui qui a invit\u00e9 l\u2019assistance \u00e0 red\u00e9couvrir des chansons marocaines \u00e0 succ\u00e8s dont \u00ab\u00a0Galbi ana mkwi bnar\u00a0\u00bb, \u00ab\u00a0Ana jit j\u2019en ai marre\u00a0\u00bb et \u00ab\u00a0Laayoun Ainya\u00a0\u00bb.<\/p>\n<p>Najat Rajoui a \u00e9t\u00e9 r\u00e9v\u00e9l\u00e9e au grand public gr\u00e2ce \u00e0 sa participation en 2015 \u00e0 la version arabe de \u00a0\u00bbThe Voice\u00a0\u00bb. Elle est aussi connue depuis sa participation \u00e0 l\u2019\u00e9mission de t\u00e9l\u00e9-crochet \u00a0\u00bbStudio 2M\u00a0\u00bb.<\/p>\n<p>Anim\u00e9e par le DJ amine, la soir\u00e9e de cl\u00f4ture a \u00e9t\u00e9 \u00e9gay\u00e9e par la performance du talentueux Mohamed Adly, qui a d\u00e9lect\u00e9 l\u2019assistance de plusieurs chansons de son r\u00e9pertoire musical dont \u00ab\u00a0Nd\u00e9clar\u00e9 Nebrik\u00a0\u00bb avant de c\u00e9der la sc\u00e8ne au Cheb Abbes, auteur d\u2019une belle prestation musicale au grand bonheur du public.<\/p>\n<p>Le Festival international du Ra\u00ef gagne en notori\u00e9t\u00e9 et en maturit\u00e9 au fil des \u00e9ditions et se positionne en grand carrefour et un trait d\u2019union entre les pays maghr\u00e9bins, indique l\u2019association Oujda Arts, initiatrice de cet \u00e9v\u00e9nement.<\/p>\n<p>Cette manifestation artistique entend \u00e9galement cr\u00e9er une dynamique \u00e9conomique et touristique locale en faisant valoir les atouts naturels et culturels dont regorge la r\u00e9gion de l\u2019Oriental, ajoute-t-on.<\/p>\n<p>Plac\u00e9e sous le Haut patronage de SM le Roi Mohammed VI, la 13\u00e8me \u00e9dition du Festival international du Ra\u00ef, tenue du 16 au 20 juillet \u00e0 Oujda, a pr\u00e9sent\u00e9 un large \u00e9ventail de prestations artistiques alliant musique marocaine, rai, rap, reggada, chaabi et autres.<\/p>\n<\/div>\n<p>Auteur: Soufiane ELAHMAR<br \/>\n<a href=\"http:\/\/www.mapoujda.ma\/fr\/cheb-nasro-clot-en-beaute-le-festival-international-du-rai\/\">Cliquez ici pour lire l&rsquo;article depuis sa source.<\/a><\/p>\n","protected":false},"excerpt":{"rendered":"<p>La 13e \u00e9dition du Festival international du Ra\u00ef d\u2019Oujda a pris fin, samedi soir, sur une prestation enflamm\u00e9e de l\u2019artiste alg\u00e9rien Cheb Nesrou qui a gratifi\u00e9 le public d\u2019un floril\u00e8ge de ses chansons des plus sentimentales. Sur la grande sc\u00e8ne du Stade d\u2019honneur, Nesro, de son vrai nom Nassreddine Souidi, a chant\u00e9 et enchant\u00e9 le [&hellip;]<\/p>\n","protected":false},"author":1788,"featured_media":0,"comment_status":"closed","ping_status":"closed","sticky":false,"template":"","format":"standard","meta":{"fifu_image_url":"","fifu_image_alt":"","footnotes":""},"categories":[54,76],"tags":[],"class_list":["post-47544","post","type-post","status-publish","format-standard","hentry","category-maroc","category-regions"],"_links":{"self":[{"href":"https:\/\/linitiative.ca\/International\/wp-json\/wp\/v2\/posts\/47544","targetHints":{"allow":["GET"]}}],"collection":[{"href":"https:\/\/linitiative.ca\/International\/wp-json\/wp\/v2\/posts"}],"about":[{"href":"https:\/\/linitiative.ca\/International\/wp-json\/wp\/v2\/types\/post"}],"author":[{"embeddable":true,"href":"https:\/\/linitiative.ca\/International\/wp-json\/wp\/v2\/users\/1788"}],"replies":[{"embeddable":true,"href":"https:\/\/linitiative.ca\/International\/wp-json\/wp\/v2\/comments?post=47544"}],"version-history":[{"count":0,"href":"https:\/\/linitiative.ca\/International\/wp-json\/wp\/v2\/posts\/47544\/revisions"}],"wp:attachment":[{"href":"https:\/\/linitiative.ca\/International\/wp-json\/wp\/v2\/media?parent=47544"}],"wp:term":[{"taxonomy":"category","embeddable":true,"href":"https:\/\/linitiative.ca\/International\/wp-json\/wp\/v2\/categories?post=47544"},{"taxonomy":"post_tag","embeddable":true,"href":"https:\/\/linitiative.ca\/International\/wp-json\/wp\/v2\/tags?post=47544"}],"curies":[{"name":"wp","href":"https:\/\/api.w.org\/{rel}","templated":true}]}}