{"id":47545,"date":"2019-07-21T15:14:00","date_gmt":"2019-07-21T19:14:00","guid":{"rendered":"https:\/\/linitiative.ca\/International\/ligue-1-2-jsk-mellal-mon-reve-gagner-la-ligue-des-champions\/"},"modified":"2019-07-21T15:14:00","modified_gmt":"2019-07-21T19:14:00","slug":"ligue-1-2-jsk-mellal-mon-reve-gagner-la-ligue-des-champions","status":"publish","type":"post","link":"https:\/\/linitiative.ca\/International\/ligue-1-2-jsk-mellal-mon-reve-gagner-la-ligue-des-champions\/","title":{"rendered":"Ligue 1 &amp; 2 : JSK &#8211; Mellal: \u00abMon r\u00eave: gagner la ligue des champions\u00bb"},"content":{"rendered":"<div readability=\"32\">\n<p>Auteur : <span>Sa\u00efd Djoudi<\/span> <span class=\"time\">dimanche 21 juillet 2019 13:14<\/span><\/p>\n<\/div>\n<div id=\"post_core\" readability=\"103\">\n<p>Mellal r\u00eave de remporter la Ligue des champions, c\u2019est parce qu\u2019il sait qu\u2019il s\u2019agit d\u2019une comp\u00e9tition tr\u00e8s prestigieuse. Conscient comme il est, il sait que cela demande des sacrifices et un travail de fond durant quelque temps avant de pouvoir esp\u00e9rer : \u00abJe sais que ce ne sera pas facile mais nous sommes des gagneurs et des comp\u00e9titeurs. Nous allons continuer de progresser et de nous sacrifier pour atteindre notre objectif. Je crois en Dieu, la LDC on l\u2019aura, t\u00f4t ou tard.\u00bb<\/p>\n<p><strong>\u00abTr\u00e8s satisfait du rendement de l\u2019\u00e9quipe, \u00e7a me rassure\u00bb<\/strong><br \/>\u00c9voquant tranquillement le rendement des deux \u00e9quipes align\u00e9es face \u00e0 Clermont-foot A et B, le premier responsable du club kabyle s\u2019est montr\u00e9 tr\u00e8s satisfait par rapport \u00e0 leur prestation. Il estime qu\u2019il y a eu beaucoup de belles choses tr\u00e8s rassurantes. \u00abSinc\u00e8rement, je suis tr\u00e8s satisfait apr\u00e8s avoir assist\u00e9 aux deux matchs. J\u2019ai constat\u00e9 que nous avons un tr\u00e8s bon groupe avec des joueurs tr\u00e8s int\u00e9ressants. M\u00eame si nous n\u2019avons pas gagn\u00e9, nous avons prouv\u00e9 que nous sommes capables d\u2019assurer le coup. D\u2019ici quelques jours, on sera encore meilleurs.\u00bb<\/p>\n<p><strong>\u00abEncore quelques matchs et on sera pr\u00eats pour la comp\u00e9tition\u00bb<\/strong><br \/>Voulant savoir si l\u2019\u00e9quipe est d\u00e9j\u00e0 pr\u00eate pour la nouvelle saison, Mellal a d\u00e9clar\u00e9 que le travail qui a \u00e9t\u00e9 fait porte d\u00e9j\u00e0 ses fruits et que les co\u00e9quipiers de Bench\u00e9rifa seront meilleurs physiquement et tactiquement d\u2019ici le d\u00e9but officiel de la comp\u00e9tition. \u00abNous avons d\u00e9j\u00e0 jou\u00e9 trois matchs amicaux et l\u2019entra\u00eeneur a profit\u00e9 de ce match contre Clermont foot pour donner un temps de jeu important \u00e0 chaque joueur. On progresse \u00e9norm\u00e9ment et je sais que nous serons pr\u00eats pour la comp\u00e9tition officielle.\u00bb<\/p>\n<p><strong>\u00abNous sommes sur les traces de quelques attaquants\u00bb<\/strong><br \/>Par rapport au recrutement, encore une fois, le pr\u00e9sident Mellal refuse de donner des d\u00e9tails. Par contre, il confirme qu\u2019ils sont sur les traces de quelques attaquants, dont au moins l\u2019un d\u2019eux sera engag\u00e9 dans les prochaines heures. \u00abEffectivement, on travaille \u00e9norm\u00e9ment, nous sommes sur les traces de plusieurs attaquants mais on pr\u00e9f\u00e8re prendre tout notre temps pour ne pas faire le mauvais choix. On doit bien les superviser avant que l\u2019entra\u00eeneur ne donne son verdict. Nous ne souhaitons que du bien \u00e0 la JSK.\u00bb<\/p>\n<p><strong>\u00abOn a renonc\u00e9 au recrutement du Franco-Alg\u00e9rien\u00bb<\/strong><br \/>Derni\u00e8rement, il \u00e9tait question que la JSK engage un d\u00e9fenseur franco-alg\u00e9rien. Cependant, le club renonce rapidement \u00e0 son recrutement. Pour preuve, le joueur n\u2019a m\u00eame pas rejoint le groupe \u00e0 \u00c9vian. Lorsque nous avons demand\u00e9 \u00e0 conna\u00eetre la raison, Mellal explique : \u00abOui, il \u00e9tait question de mettre un d\u00e9fenseur franco-alg\u00e9rien \u00e0 l\u2019essai, finalement, nous avons renonc\u00e9. Il n\u2019a pas pu arriver \u00e0 temps au centre, donc nous avons d\u00e9cid\u00e9 de ne pas donner suite.\u00bb<\/p>\n<p><strong>\u00abNous avons des individualit\u00e9s int\u00e9ressantes\u00bb<\/strong><br \/>S\u2019il y a bien quelque chose qui rassure le pr\u00e9sident Ch\u00e9rif Mellal, c\u2019est bel et bien les individualit\u00e9s de certains joueurs qui, en trois rencontres, ont prouv\u00e9 qu\u2019ils sont vraiment int\u00e9ressants. Un constat qui lui a fait \u00e9norm\u00e9ment plaisir. \u00abCroyez-moi, je suis tr\u00e8s rassur\u00e9, j\u2019ai vu que nous avons des individualit\u00e9s tr\u00e8s int\u00e9ressantes. Cela veut dire nous avons des \u00e9l\u00e9ments qui peuvent vraiment faire la diff\u00e9rence. C\u2019est important.\u00bb<\/p>\n<p><strong>\u00abCertains joueurs confirment d\u00e9j\u00e0\u00bb<\/strong><br \/>Avant de conclure, et apr\u00e8s avoir encens\u00e9 Juba Oukaci, qui a \u00e9t\u00e9 cr\u00e9dit\u00e9 d\u2019une belle prestation, Mellal a d\u00e9clar\u00e9 que d\u2019autres joueurs, sur qui l\u2019entra\u00eeneur souhaite compter, confirment. \u00abAujourd\u2019hui, j\u2019ai \u00e9t\u00e9 surpris par le rendement de Juba Oukaci, qui a vraiment livr\u00e9 une belle prestation. Je suis tr\u00e8s content pour lui. Il y a aussi d\u2019autres joueurs qui ont attir\u00e9 mon attention. J\u2019esp\u00e8re qu\u2019ils parviendront \u00e0 maintenir ce rythme et \u00e0 progresser.\u00bb<\/p>\n<p><strong>Publi\u00e9 dans :<\/strong> <span>JSK<\/span> <span>Bencherifa<\/span> <span>Mellal<\/span><\/p>\n<\/div>\n<p>Auteur:<br \/>\n<a href=\"http:\/\/www.lebuteur.com\/article\/detail?titre=jsk-mellal-mon-reve-gagner-la-ligue-des-champions&#038;id=90553&#038;utm_source=feedburner&#038;utm_medium=feed&#038;utm_campaign=Feed%3A+GalerieFArtciles+%28Les+derniers+articles++-+lebuteur.com%29\">Cliquez ici pour lire l&rsquo;article depuis sa source.<\/a><\/p>\n","protected":false},"excerpt":{"rendered":"<p>Auteur : Sa\u00efd Djoudi dimanche 21 juillet 2019 13:14 Mellal r\u00eave de remporter la Ligue des champions, c\u2019est parce qu\u2019il sait qu\u2019il s\u2019agit d\u2019une comp\u00e9tition tr\u00e8s prestigieuse. Conscient comme il est, il sait que cela demande des sacrifices et un travail de fond durant quelque temps avant de pouvoir esp\u00e9rer : \u00abJe sais que ce [&hellip;]<\/p>\n","protected":false},"author":1738,"featured_media":47546,"comment_status":"closed","ping_status":"closed","sticky":false,"template":"","format":"standard","meta":{"fifu_image_url":"","fifu_image_alt":"","footnotes":""},"categories":[53,75],"tags":[],"class_list":["post-47545","post","type-post","status-publish","format-standard","has-post-thumbnail","hentry","category-algerie","category-sport"],"_links":{"self":[{"href":"https:\/\/linitiative.ca\/International\/wp-json\/wp\/v2\/posts\/47545","targetHints":{"allow":["GET"]}}],"collection":[{"href":"https:\/\/linitiative.ca\/International\/wp-json\/wp\/v2\/posts"}],"about":[{"href":"https:\/\/linitiative.ca\/International\/wp-json\/wp\/v2\/types\/post"}],"author":[{"embeddable":true,"href":"https:\/\/linitiative.ca\/International\/wp-json\/wp\/v2\/users\/1738"}],"replies":[{"embeddable":true,"href":"https:\/\/linitiative.ca\/International\/wp-json\/wp\/v2\/comments?post=47545"}],"version-history":[{"count":0,"href":"https:\/\/linitiative.ca\/International\/wp-json\/wp\/v2\/posts\/47545\/revisions"}],"wp:featuredmedia":[{"embeddable":true,"href":"https:\/\/linitiative.ca\/International\/wp-json\/"}],"wp:attachment":[{"href":"https:\/\/linitiative.ca\/International\/wp-json\/wp\/v2\/media?parent=47545"}],"wp:term":[{"taxonomy":"category","embeddable":true,"href":"https:\/\/linitiative.ca\/International\/wp-json\/wp\/v2\/categories?post=47545"},{"taxonomy":"post_tag","embeddable":true,"href":"https:\/\/linitiative.ca\/International\/wp-json\/wp\/v2\/tags?post=47545"}],"curies":[{"name":"wp","href":"https:\/\/api.w.org\/{rel}","templated":true}]}}