{"id":47547,"date":"2019-07-21T15:14:02","date_gmt":"2019-07-21T19:14:02","guid":{"rendered":"https:\/\/linitiative.ca\/International\/ligue-1-2-mca-koanda-officiellement-maintenu\/"},"modified":"2019-07-21T15:14:02","modified_gmt":"2019-07-21T19:14:02","slug":"ligue-1-2-mca-koanda-officiellement-maintenu","status":"publish","type":"post","link":"https:\/\/linitiative.ca\/International\/ligue-1-2-mca-koanda-officiellement-maintenu\/","title":{"rendered":"Ligue 1 &amp; 2 : MCA : Koanda officiellement maintenu"},"content":{"rendered":"<div readability=\"32\">\n<p>Auteur : <span>S.D.<\/span> <span class=\"time\">dimanche 21 juillet 2019 13:14<\/span><\/p>\n<\/div>\n<div id=\"post_core\" readability=\"57\">\n<p>Apr\u00e8s plus de deux semaines de stage estival, durant lesquelles le d\u00e9fenseur international burkinab\u00e9 Koanda a \u00e9t\u00e9 soumis aux essais, la direction kabyle vient d&rsquo;annoncer au joueur sa d\u00e9cision de le maintenir dans l&rsquo;effectif. En effet, c&rsquo;est le pr\u00e9sident Cherif Mellal en personne qui a mis au courant Konada, hier apr\u00e8s-midi \u00e0 l&rsquo;h\u00f4tel, suite \u00e0 la r\u00e9union qu&rsquo;il a tenue avec le coach Hubert Velud. Mellal a \u00e9t\u00e9, le moins qu&rsquo;on puisse dire, satisfait de la prestation de Koanda face \u00e0 Clermont Foot. Velud aussi a gard\u00e9 une bonne impression de lui lors des deux matchs amicaux face \u00e0 FC Annecy et Fr\u00e9jus Saint-Rapha\u00ebl. Il y a lieu de souligner que le CSC a entrepris derni\u00e8rement des contacts avec le manager de Koanda. Le club de Constantine \u00e9tait pr\u00eat \u00e0 l&rsquo;engager sans passer par des tests.<\/p>\n<p><strong>\u00ab Je n&rsquo;ai jamais dout\u00e9 de mes qualit\u00e9s \u00bb<\/strong><br \/>Accost\u00e9 devant l&rsquo;h\u00f4tel apr\u00e8s avoir confirm\u00e9 la nouvelle de son maintien dans l&rsquo;effectif, Koanda a d\u00e9clar\u00e9 : \u00ab Je ne vous cache pas ma joie. Apr\u00e8s deux semaines avec l&rsquo;\u00e9quipe, je me suis rapidement familiaris\u00e9 avec les joueurs. On dirait que je suis ici depuis longtemps. J&rsquo;ai travaill\u00e9 et prouv\u00e9, la d\u00e9cision de me garder me fait \u00e9norm\u00e9ment plaisir. Je n&rsquo;ai jamais dout\u00e9 je suis international et j&rsquo;ai d\u00e9j\u00e0 prouv\u00e9 mes qualit\u00e9s. La JSK est un grand club j&rsquo;esp\u00e8re gagner un titre avec ma nouvelle \u00e9quipe. \u00bb<\/p>\n<p><strong>Mellal : \u00ab Il signera son contrat dans les prochaines heures \u00bb<\/strong><br \/>Le pr\u00e9sident Cherif Mellal a d\u00e9clar\u00e9 \u00ab Je pense que le staff technique a eu suffisamment de temps pour voir Koanda \u00e0 l&rsquo;\u0153uvre. C&rsquo;est un joueur qui a montr\u00e9 beaucoup de qualit\u00e9s. Je vous annonce donc son maintien officiellement. Il signera son contrat dans les prochaines heures. \u00bb<\/p>\n<p><strong>Publi\u00e9 dans :<\/strong> <span>mca<\/span> <span>Velud<\/span> <span>Koanda<\/span><\/p>\n<\/div>\n<p>Auteur:<br \/>\n<a href=\"http:\/\/www.lebuteur.com\/article\/detail?titre=mca-koanda-officiellement-maintenu&#038;id=90552&#038;utm_source=feedburner&#038;utm_medium=feed&#038;utm_campaign=Feed%3A+GalerieFArtciles+%28Les+derniers+articles++-+lebuteur.com%29\">Cliquez ici pour lire l&rsquo;article depuis sa source.<\/a><\/p>\n","protected":false},"excerpt":{"rendered":"<p>Auteur : S.D. dimanche 21 juillet 2019 13:14 Apr\u00e8s plus de deux semaines de stage estival, durant lesquelles le d\u00e9fenseur international burkinab\u00e9 Koanda a \u00e9t\u00e9 soumis aux essais, la direction kabyle vient d&rsquo;annoncer au joueur sa d\u00e9cision de le maintenir dans l&rsquo;effectif. En effet, c&rsquo;est le pr\u00e9sident Cherif Mellal en personne qui a mis au [&hellip;]<\/p>\n","protected":false},"author":1738,"featured_media":47548,"comment_status":"closed","ping_status":"closed","sticky":false,"template":"","format":"standard","meta":{"fifu_image_url":"","fifu_image_alt":"","footnotes":""},"categories":[53,75],"tags":[],"class_list":["post-47547","post","type-post","status-publish","format-standard","has-post-thumbnail","hentry","category-algerie","category-sport"],"_links":{"self":[{"href":"https:\/\/linitiative.ca\/International\/wp-json\/wp\/v2\/posts\/47547","targetHints":{"allow":["GET"]}}],"collection":[{"href":"https:\/\/linitiative.ca\/International\/wp-json\/wp\/v2\/posts"}],"about":[{"href":"https:\/\/linitiative.ca\/International\/wp-json\/wp\/v2\/types\/post"}],"author":[{"embeddable":true,"href":"https:\/\/linitiative.ca\/International\/wp-json\/wp\/v2\/users\/1738"}],"replies":[{"embeddable":true,"href":"https:\/\/linitiative.ca\/International\/wp-json\/wp\/v2\/comments?post=47547"}],"version-history":[{"count":0,"href":"https:\/\/linitiative.ca\/International\/wp-json\/wp\/v2\/posts\/47547\/revisions"}],"wp:featuredmedia":[{"embeddable":true,"href":"https:\/\/linitiative.ca\/International\/wp-json\/"}],"wp:attachment":[{"href":"https:\/\/linitiative.ca\/International\/wp-json\/wp\/v2\/media?parent=47547"}],"wp:term":[{"taxonomy":"category","embeddable":true,"href":"https:\/\/linitiative.ca\/International\/wp-json\/wp\/v2\/categories?post=47547"},{"taxonomy":"post_tag","embeddable":true,"href":"https:\/\/linitiative.ca\/International\/wp-json\/wp\/v2\/tags?post=47547"}],"curies":[{"name":"wp","href":"https:\/\/api.w.org\/{rel}","templated":true}]}}