{"id":47549,"date":"2019-07-21T15:14:03","date_gmt":"2019-07-21T19:14:03","guid":{"rendered":"https:\/\/linitiative.ca\/International\/ligue-1-2-jsk-souyad-reprendra-avec-le-groupe-aujourdhui\/"},"modified":"2019-07-21T15:14:03","modified_gmt":"2019-07-21T19:14:03","slug":"ligue-1-2-jsk-souyad-reprendra-avec-le-groupe-aujourdhui","status":"publish","type":"post","link":"https:\/\/linitiative.ca\/International\/ligue-1-2-jsk-souyad-reprendra-avec-le-groupe-aujourdhui\/","title":{"rendered":"Ligue 1 &amp; 2 : JSK: Souyad reprendra avec le groupe aujourd&rsquo;hui"},"content":{"rendered":"<div readability=\"32\">\n<p>Auteur : <span>S. D.<\/span> <span class=\"time\">dimanche 21 juillet 2019 13:14<\/span><\/p>\n<\/div>\n<div id=\"post_core\" readability=\"123\">\n<p>La double confrontation livr\u00e9e, vendredi soir, face \u00e0 Clermont Foot, a beaucoup renseign\u00e9 Hubert Velud, l\u2019entra\u00eeneur kabyle, sur les capacit\u00e9s de son groupe et le degr\u00e9 de sa pr\u00e9paration. Apr\u00e8s un peu plus de deux semaines de travail entam\u00e9 \u00e0 Zekri, les signes sont positifs tant sur le plan physique qu\u2019en mati\u00e8re d\u2019organisation dans le jeu. C\u2019est justement l\u2019objectif recherch\u00e9 par la direction en programmant cette s\u00e9rie de matchs amicaux. Ce que craint le plus le staff technique en ce moment c\u2019est bien entendu les blessures. Velud ne cesse de demander \u00e0 ses hommes de jouer avec prudence pour \u00e9viter tout contact inutile, pouvant priver un joueur de cette fin de stage. Actuellement, seul Ait Abdeslam souffrant de l\u2019adducteur se trouve \u00e0 l\u2019infirmerie. Concernant Souyed qui a termin\u00e9 difficilement le deuxi\u00e8me match face \u00e0 Clermont foot, il va mieux. Souyed a re\u00e7u un s\u00e9rieux coup \u00e0 la cheville, ce qui a n\u00e9cessit\u00e9 sa prise en charge apr\u00e8s le match. Selon nos informations, son \u00e9tat n\u2019est pas grave et devrait reprendre aujourd\u2019hui.<br \/><strong>Le staff m\u00e9dical se veut rassurant<\/strong><br \/>Rentr\u00e9 \u00e0 Tizi avec z\u00e9ro bless\u00e9, c\u2019est l\u2019objectif que s\u2019est fix\u00e9 le staff technique. Les joueurs r\u00e9pondent bien \u00e0 la charge de travail qui leur est impos\u00e9e depuis le premier stage de Zekri. Except\u00e9 l\u2019arri\u00e8re droit Ait Abdeslam qui a travaill\u00e9 en solo la semaine derni\u00e8re, tout le reste du groupe affiche la pleine forme. Le staff m\u00e9dical se veut rassurant m\u00eame pour Ait Abdeslam qui va retrouver le groupe aujourd\u2019hui et affirme que les joueurs ont beaucoup progress\u00e9 physiquement.<\/p>\n<p><strong>Velud est tr\u00e8s satisfait de son rendement<\/strong><br \/>Durant ce second stage de pr\u00e9paration, outre la charge de travail physique que le staff technique a augment\u00e9e consid\u00e9rablement, l\u2019\u00e9quipe a livr\u00e9 quatre matchs amicaux, dont deux, vendredi face \u00e0 Clermont Foot. Le r\u00e9sultat technique est loin de constituer l\u2019objectif recherch\u00e9, c\u2019est plut\u00f4t le rendement physique et l\u2019am\u00e9lioration du collectif. Certains joueurs ont \u00e9merg\u00e9 pendant ce regroupement, notamment les nouvelles recrues qui commencent \u00e0 se faire une place. Les anciens aussi, ceux qu\u2019on n\u2019a pas beaucoup vus la saison \u00e9coul\u00e9e, promettent de prendre leur revanche, \u00e0 l\u2019instar de Souyed qui promet une belle saison. Velud ne souhaite pas pour l\u2019instant parler des individualit\u00e9s, une chose est s\u00fbre, il a une bonne impression du rendement de l\u2019axial kabyle.<br \/>\u00a0<\/p>\n<p><strong>Souyad : \u00abCette saison sera la mienne\u00bb<\/strong><\/p>\n<p>L\u2019axial kabyle Souyed est satisfait de la pr\u00e9paration estivale qui se poursuit \u00e0 Evian. Il estime que le groupe a beaucoup progress\u00e9 et sera pr\u00eat d\u2019ici \u00e0 l\u2019entame de la comp\u00e9tition. Selon lui, la JSK a les moyens de jouer sur les trois fronts et gagner un titre. Sur le plan personnel, Souyed ne craint pas la concurrence et promet de s\u2019imposer.<\/p>\n<p><strong>Vous avez livr\u00e9 deux matchs amicaux face \u00e0 Clermont Foot, quels en sont les enseignements tir\u00e9s ?<\/strong><br \/>Les deux matchs amicaux sont dans la continuit\u00e9 du travail tr\u00e8s intense qu\u2019on est en train d\u2019effectuer depuis le d\u00e9but du stage. Honn\u00eatement, nous avons retenu beaucoup d\u2019enseignements positifs, notamment sur le plan physique. Le groupe a eu un bon rendement physique et sur le plan du jeu aussi, on \u00e9volue beaucoup.<\/p>\n<p><strong>Peut-on dire que la JSK est pr\u00eate pour l\u2019entame de la comp\u00e9tition ?<\/strong><br \/>Nous ne sommes pas encore \u00e0 100%. Il nous reste encore quelques jours de travail, on doit redoubler d\u2019efforts pour atteindre le niveau souhait\u00e9 pour commencer la comp\u00e9tition. La progression est constante, tous les joueurs sont satisfaits du bon d\u00e9roulement de ce deuxi\u00e8me regroupement.<\/p>\n<p><strong>Qu\u2019avez-vous \u00e0 dire des conditions de travail ?<\/strong><br \/>La direction n\u2019a pas l\u00e9sin\u00e9 sur les moyens pour nous mettre dans les conditions les plus confortables. On travaille dans un site qui offre toutes les commodit\u00e9s. Tous les moyens de r\u00e9cup\u00e9ration sont disponibles. Franchement, on n\u2019a rien \u00e0 dire, tout est mis \u00e0 notre disposition pour faire un bon travail.<br \/><strong>Les nouvelles recrues se sont-elles adapt\u00e9es \u00e0 leur nouvel environnement ?<\/strong><br \/>Je ne pense pas qu\u2019on puisse parler aujourd\u2019hui des nouveaux puisqu\u2019ils font partie d\u00e9sormais du groupe. Lors du premier stage d\u00e9j\u00e0 \u00e0 Zekri, les nouvelles recrues se sont fondues dans le groupe. Il r\u00e8gne une parfaite ambiance et nous formons un groupe solidaire. Notre force r\u00e9sidera dans la solidarit\u00e9 et l\u2019esprit du collectif.<\/p>\n<p><strong>La JSK jouera sur plusieurs fronts, dont la LDC qui d\u00e9bute dans moins d\u2019un mois\u2026<\/strong><br \/>Nous sommes \u00e0 Evian pour pr\u00e9parer une saison assez charg\u00e9e qui nous attend d\u00e8s le premier match de la LDC. C\u2019est vrai que nous allons jouer sur plusieurs fronts et cela n\u00e9cessitera la mobilisation de tous. On a un groupe riche et des joueurs ambitieux, je suis optimiste.<\/p>\n<p><strong>Sur le plan personnel, quel est votre objectif pour la saison prochaine ?<\/strong><br \/>Je suis en train de me donner \u00e0 fond durant ce stage estival pour \u00eatre pr\u00eat \u00e0 la comp\u00e9tition d\u00e8s le premier match. La concurrence ne m\u2019inqui\u00e8te pas. Bien au contraire, elle me motive. Avec l\u2019entra\u00eeneur Velud, le travail se d\u00e9roule dans d\u2019excellentes conditions, je t\u00e2cherai de m\u2019imposer.<\/p>\n<p><strong>Un mot sur la cons\u00e9cration de l\u2019EN en finale de la CAN ?<\/strong><br \/>Je suis, comme tous les Alg\u00e9riens, fiers de mon pays et de notre s\u00e9lection nationale. C\u2019est une cons\u00e9cration historique qui permet \u00e0 notre Equipe nationale de d\u00e9crocher son deuxi\u00e8me titre africain. On a suivi tout le parcours, c\u2019est amplement m\u00e9rit\u00e9. La s\u00e9lection renferme un bon groupe emmen\u00e9 par un grand Djamel Belmadi \u00e0 qui je tire chapeau d\u2019avoir su redresser la situation et de hisser tr\u00e8s haut notre drapeau national.<\/p>\n<p><strong>Publi\u00e9 dans :<\/strong> <span>JSK<\/span> <span>Velud<\/span> <span>Souyad<\/span><\/p>\n<\/div>\n<p>Auteur:<br \/>\n<a href=\"http:\/\/www.lebuteur.com\/article\/detail?titre=jsk-souyad-reprendra-avec-le-groupe-aujourdhui&#038;id=90551&#038;utm_source=feedburner&#038;utm_medium=feed&#038;utm_campaign=Feed%3A+GalerieFArtciles+%28Les+derniers+articles++-+lebuteur.com%29\">Cliquez ici pour lire l&rsquo;article depuis sa source.<\/a><\/p>\n","protected":false},"excerpt":{"rendered":"<p>Auteur : S. D. dimanche 21 juillet 2019 13:14 La double confrontation livr\u00e9e, vendredi soir, face \u00e0 Clermont Foot, a beaucoup renseign\u00e9 Hubert Velud, l\u2019entra\u00eeneur kabyle, sur les capacit\u00e9s de son groupe et le degr\u00e9 de sa pr\u00e9paration. Apr\u00e8s un peu plus de deux semaines de travail entam\u00e9 \u00e0 Zekri, les signes sont positifs tant [&hellip;]<\/p>\n","protected":false},"author":1738,"featured_media":47550,"comment_status":"closed","ping_status":"closed","sticky":false,"template":"","format":"standard","meta":{"fifu_image_url":"","fifu_image_alt":"","footnotes":""},"categories":[53,75],"tags":[],"class_list":["post-47549","post","type-post","status-publish","format-standard","has-post-thumbnail","hentry","category-algerie","category-sport"],"_links":{"self":[{"href":"https:\/\/linitiative.ca\/International\/wp-json\/wp\/v2\/posts\/47549","targetHints":{"allow":["GET"]}}],"collection":[{"href":"https:\/\/linitiative.ca\/International\/wp-json\/wp\/v2\/posts"}],"about":[{"href":"https:\/\/linitiative.ca\/International\/wp-json\/wp\/v2\/types\/post"}],"author":[{"embeddable":true,"href":"https:\/\/linitiative.ca\/International\/wp-json\/wp\/v2\/users\/1738"}],"replies":[{"embeddable":true,"href":"https:\/\/linitiative.ca\/International\/wp-json\/wp\/v2\/comments?post=47549"}],"version-history":[{"count":0,"href":"https:\/\/linitiative.ca\/International\/wp-json\/wp\/v2\/posts\/47549\/revisions"}],"wp:featuredmedia":[{"embeddable":true,"href":"https:\/\/linitiative.ca\/International\/wp-json\/"}],"wp:attachment":[{"href":"https:\/\/linitiative.ca\/International\/wp-json\/wp\/v2\/media?parent=47549"}],"wp:term":[{"taxonomy":"category","embeddable":true,"href":"https:\/\/linitiative.ca\/International\/wp-json\/wp\/v2\/categories?post=47549"},{"taxonomy":"post_tag","embeddable":true,"href":"https:\/\/linitiative.ca\/International\/wp-json\/wp\/v2\/tags?post=47549"}],"curies":[{"name":"wp","href":"https:\/\/api.w.org\/{rel}","templated":true}]}}