{"id":47551,"date":"2019-07-21T15:14:04","date_gmt":"2019-07-21T19:14:04","guid":{"rendered":"https:\/\/linitiative.ca\/International\/ligue-1-2-mca-ouartani-sest-engage-hier-pour-2-ans-avec-le-mouloudia\/"},"modified":"2019-07-21T15:14:04","modified_gmt":"2019-07-21T19:14:04","slug":"ligue-1-2-mca-ouartani-sest-engage-hier-pour-2-ans-avec-le-mouloudia","status":"publish","type":"post","link":"https:\/\/linitiative.ca\/International\/ligue-1-2-mca-ouartani-sest-engage-hier-pour-2-ans-avec-le-mouloudia\/","title":{"rendered":"Ligue 1 &amp; 2 : MCA: Ouartani s\u2019est engag\u00e9 hier pour 2 ans avec le Mouloudia"},"content":{"rendered":"<div readability=\"32\">\n<p>Auteur : <span>T.Che<\/span> <span class=\"time\">dimanche 21 juillet 2019 13:14<\/span><\/p>\n<\/div>\n<div id=\"post_core\" readability=\"54\">\n<p>On avait \u00e9voqu\u00e9 la venue prochaine de Ouartani au Mouloudia. C\u2019est chose faite puisque le milieu de terrain du NAHD s\u2019est engag\u00e9 hier pour deux ans avec les Vert et Rouge. Aussit\u00f4t entr\u00e9 au pays, Ouartani a officialis\u00e9 sa venue au Mouloudia juste apr\u00e8s Harrag, Allati et Brahimi qui \u00e9voluaient tous sous la banni\u00e8re Sang et Or. \u00a0<\/p>\n<p><strong>Il s\u2019est envol\u00e9 hier \u00e0 minuit pour rejoindre les troupes en Pologne<\/strong><br \/>N\u2019ayant pas de souci de visa, Ouartani s\u2019est envol\u00e9 hier \u00e0 minuit \u00e0 destination de la Pologne. Le joueur doit rapidement rejoindre le groupe de Casoni afin d\u2019entamer le boulot avec ses nouveaux partenaires \u00e0 Lubin.<\/p>\n<p><strong>Sakhri : \u00ab Ouartani vient de s\u2019engager avec nous pour 2 ans et rejoindra ce soir la Pologne \u00bb<\/strong><br \/>Le directeur g\u00e9n\u00e9ral du Mouloudia, Fouad Sakhri, nous parle de la signature de Ouartani qui vient de s\u2019engager pour deux saisons avec le Doyen. \u00ab On vient de s\u2019engager pour 2 ans avec Ouartani qui s\u2019envolera ce soir \u00e0 destination de la Pologne pour entamer le travail avec sa nouvelle \u00e9quipe. Faute de temps car \u00e7a urge actuellement, une fois en Pologne, le joueur sera pr\u00e9sent\u00e9 aux m\u00e9dias \u00bb, dira l\u2019homme fort du Mouloudia qui s\u2019active pour boucler le recrutement dans les plus brefs d\u00e9lais.<\/p>\n<p><strong>Publi\u00e9 dans :<\/strong> <span>mca<\/span> <span>Casoni<\/span> <span>Ouartani<\/span><\/p>\n<\/div>\n<p>Auteur:<br \/>\n<a href=\"http:\/\/www.lebuteur.com\/article\/detail?titre=mca-ouartani-sest-engage-hier-pour-2-ans-avec-le-mouloudia&#038;id=90550&#038;utm_source=feedburner&#038;utm_medium=feed&#038;utm_campaign=Feed%3A+GalerieFArtciles+%28Les+derniers+articles++-+lebuteur.com%29\">Cliquez ici pour lire l&rsquo;article depuis sa source.<\/a><\/p>\n","protected":false},"excerpt":{"rendered":"<p>Auteur : T.Che dimanche 21 juillet 2019 13:14 On avait \u00e9voqu\u00e9 la venue prochaine de Ouartani au Mouloudia. C\u2019est chose faite puisque le milieu de terrain du NAHD s\u2019est engag\u00e9 hier pour deux ans avec les Vert et Rouge. Aussit\u00f4t entr\u00e9 au pays, Ouartani a officialis\u00e9 sa venue au Mouloudia juste apr\u00e8s Harrag, Allati et [&hellip;]<\/p>\n","protected":false},"author":1738,"featured_media":47552,"comment_status":"closed","ping_status":"closed","sticky":false,"template":"","format":"standard","meta":{"fifu_image_url":"","fifu_image_alt":"","footnotes":""},"categories":[53,75],"tags":[],"class_list":["post-47551","post","type-post","status-publish","format-standard","has-post-thumbnail","hentry","category-algerie","category-sport"],"_links":{"self":[{"href":"https:\/\/linitiative.ca\/International\/wp-json\/wp\/v2\/posts\/47551","targetHints":{"allow":["GET"]}}],"collection":[{"href":"https:\/\/linitiative.ca\/International\/wp-json\/wp\/v2\/posts"}],"about":[{"href":"https:\/\/linitiative.ca\/International\/wp-json\/wp\/v2\/types\/post"}],"author":[{"embeddable":true,"href":"https:\/\/linitiative.ca\/International\/wp-json\/wp\/v2\/users\/1738"}],"replies":[{"embeddable":true,"href":"https:\/\/linitiative.ca\/International\/wp-json\/wp\/v2\/comments?post=47551"}],"version-history":[{"count":0,"href":"https:\/\/linitiative.ca\/International\/wp-json\/wp\/v2\/posts\/47551\/revisions"}],"wp:featuredmedia":[{"embeddable":true,"href":"https:\/\/linitiative.ca\/International\/wp-json\/"}],"wp:attachment":[{"href":"https:\/\/linitiative.ca\/International\/wp-json\/wp\/v2\/media?parent=47551"}],"wp:term":[{"taxonomy":"category","embeddable":true,"href":"https:\/\/linitiative.ca\/International\/wp-json\/wp\/v2\/categories?post=47551"},{"taxonomy":"post_tag","embeddable":true,"href":"https:\/\/linitiative.ca\/International\/wp-json\/wp\/v2\/tags?post=47551"}],"curies":[{"name":"wp","href":"https:\/\/api.w.org\/{rel}","templated":true}]}}