{"id":47553,"date":"2019-07-21T15:14:06","date_gmt":"2019-07-21T19:14:06","guid":{"rendered":"https:\/\/linitiative.ca\/International\/ligue-1-2-mca-le-mouloudia-a-pied-doeuvre-a-lubin\/"},"modified":"2019-07-21T15:14:06","modified_gmt":"2019-07-21T19:14:06","slug":"ligue-1-2-mca-le-mouloudia-a-pied-doeuvre-a-lubin","status":"publish","type":"post","link":"https:\/\/linitiative.ca\/International\/ligue-1-2-mca-le-mouloudia-a-pied-doeuvre-a-lubin\/","title":{"rendered":"Ligue 1 &amp; 2 : MCA: Le Mouloudia \u00e0 pied d\u2019\u0153uvre \u00e0 Lubin"},"content":{"rendered":"<div readability=\"32\">\n<p>Auteur : <span>Kamel M.<\/span> <span class=\"time\">dimanche 21 juillet 2019 13:14<\/span><\/p>\n<\/div>\n<div id=\"post_core\" readability=\"77\">\n<p>C\u2019est vendredi \u00e0 minuit que la d\u00e9l\u00e9gation du MCA est arriv\u00e9e \u00e0 son lieu de stage \u00e0 Lubin situ\u00e9 au Sud de la Pologne \u00e0 70 Km de la grande ville de Wroclaw. Le voyage s\u2019est \u00e9tal\u00e9 sur douze heures et a eu raison des co\u00e9quipiers de Hachoud. Ces derniers \u00e9taient tr\u00e8s fatigu\u00e9s \u00e0 leur arriv\u00e9e \u00e0 leur lieu de r\u00e9sidence, le luxueux Europa h\u00f4tel situ\u00e9 \u00e0 pr\u00e8s de un kilom\u00e8tre du centre-ville de Lubin. Ainsi le MCA est \u00e0 pied d\u2019\u0153uvre dans cette petite ville polonaise pour son second stage de pr\u00e9paration consacr\u00e9 essentiellement \u00e0 la phase pr\u00e9comp\u00e9titive<br \/><strong>Le vol Alger-Frankfurt s\u2019est d\u00e9roul\u00e9 dans de bonnes conditions<\/strong><br \/>Pour la premi\u00e8re destination du Mouloudia vers la ville de Frankfurt, et \u00e0 l\u2019exception de quelques turbulences a\u00e9riennes, le vol s\u2019est d\u00e9roul\u00e9 dans de bonnes conditions et la plupart des joueurs ont essay\u00e9 de dormir juste apr\u00e8s avoir pris le repas offert par la compagnie. Le vol s\u2019est \u00e9tal\u00e9 comme pr\u00e9vu sur deux heures et demie et l\u2019\u00e9quipe est arriv\u00e9e \u00e0 Frankfurt \u00e0 14h30, heure alg\u00e9rienne, soit 15h 30 heure locale.<br \/><strong>Les joueurs n\u2019ont pas senti le temps passer durant l\u2019escale et parlaient plus de la finale<\/strong><br \/>Sachant que l\u2019\u00e9quipe devait effectuer pr\u00e8s de six heures d\u2019escale \u00e0 l\u2019a\u00e9roport internationale de Frankfurt avant de s\u2019envoler \u00e0 destination de Wroclaw, les joueurs du MCA n\u2019ont pas senti le temps passe et ils \u00e9taient plus pr\u00e9occup\u00e9s par la finale et chacun donnait sa propre analyse de la rencontre qui allait d\u00e9buter \u00e0 21h, heure locale. Seulement tout le monde \u00e9tait optimiste de voir l\u2019Alg\u00e9rie l\u2019emporter face aux redoutables S\u00e9n\u00e9galais et offrir \u00e0 notre pays sa seconde \u00e9toile africaine.<br \/><strong>Les joueurs impressionn\u00e9s par le contr\u00f4le strict \u00e0 la PAF<\/strong><br \/>Toutefois et avant d\u2019acc\u00e9der \u00e0 la zone de transit de l\u2019a\u00e9roport de Frankfurt, ce qui a marqu\u00e9 le plus les joueurs du MCA \u00e0 l\u2019a\u00e9roport de Frankfurt, c\u2019est le contr\u00f4le strict au niveau de la PAF. Seulement, la d\u00e9l\u00e9gation du MCA a accompli les formalit\u00e9s d\u2019usage dans les meilleures conditions, Idem pour quitter le territoire allemand. En effet les responsables du MCA ont fait le n\u00e9cessaire aupr\u00e8s des services de la PAF d\u2019autant plus que l\u2019organisateur du stage leur a envoy\u00e9 une invitation officielle, et le fait que l\u2019\u00e9quipe \u00e9tait en tenu unifi\u00e9e, a rendu la t\u00e2che des pafistes plus facile, mais la confiance n\u2019exclut tout de m\u00eame pas le contr\u00f4le strict.<br \/><strong>Le vol vers Wroclaw avait quelques minutes de retard<\/strong><br \/>Si le premier vol \u00e0 destination de Frankfurt a \u00e9t\u00e9 effectu\u00e9 \u00e0 l\u2019heure convenue, celui programm\u00e9 vers Wroclaw a \u00e9t\u00e9 retard\u00e9 de quelques minutes seulement. Toutefois le voyage \u00e0 destination du pays de Lech Walesa s\u2019est d\u00e9roul\u00e9 dans de bonnes conditions et des joueurs discutaient entre eux pour passer le temps, alors que d\u2019autres lisaient les journaux ou \u00e9coutaient de la musique. Seulement, cela ne les a pas emp\u00each\u00e9s de parler tous de la finale.<br \/><strong>Une ambiance aux allures de l\u2019EN dans l\u2019avion et les passagers impressionn\u00e9s<\/strong><br \/>Durant les deux vols, et bien que les joueurs passaient le temps chacun \u00e0 sa fa\u00e7on, il n\u2019en demeure pas moins qu\u2019ils ont cr\u00e9\u00e9 une bonne ambiance sur l\u2019ensemble des deux vols, notamment celui de Frankfurt \u00e0 Wroclaw, o\u00f9 les joueurs ont impressionn\u00e9 tous les passagers en entonnant les chants de l\u2019EN. Une ambiance qui a aussi plu \u00e0 Casoni, du fait que cela refl\u00e8te le bon \u00e9tat d\u2019esprit du groupe.<br \/><strong>Les joueurs ont suivi le but de Bounedjah avant le d\u00e9collage de l\u2019avion vers Wroclaw<\/strong><br \/>Sur le second vol \u00e0 destination de Wroclaw, les joueurs du MCA qui \u00e9taient munis de leur t\u00e9l\u00e9phone portable et leur Laptop, ont pu suivre en direct le d\u00e9but de la finale entre l\u2019EN et le S\u00e9n\u00e9gal, et \u00e9videmment le premier but de Bounedjah, o\u00f9 ils ont laiss\u00e9 exploser leur joie dans l\u2019avion. Malheureusement pour eux, l\u2019avion a d\u00e9coll\u00e9 quelques minutes apr\u00e8s l\u2019entame de la partie, et les co\u00e9quipiers de Hachoud se sont retrouv\u00e9s dans l\u2019obligation de prendre leur mal en patience et ils avaient h\u00e2te d\u2019arriver \u00e0 l\u2019a\u00e9roport Copernic de Wroclaw afin d\u2019avoir des nouvelles de la rencontre et suivre le reste de la partie.<br \/><strong>Ils ont fait la f\u00eate dans le bus \u00e0 destination de Wroclaw<\/strong><br \/>Une fois arriv\u00e9s \u00e0 l\u2019a\u00e9roport de Copernic de Wroclaw, les joueurs ont attendu leurs bagages et ne cessaient de demander le r\u00e9sultat de l\u2019EN. Une fois dans le bus et quelques minutes seulement apr\u00e8s l\u2019entame du trajet \u00e0 destination de la ville de Lubin, les joueurs ont appris le sacre de l\u2019EN et ils ont fait la f\u00eate, dans une grande ambiance \u00e0 laquelle ont pris part m\u00eame Casoni et Gornouec qui ont f\u00e9licit\u00e9 les joueurs, et le reste des membres de la d\u00e9l\u00e9gation.<br \/><strong>L\u2019\u00e9quipe est arriv\u00e9e \u00e0 minuit \u00e0 l\u2019h\u00f4tel Europa<\/strong><br \/>Apr\u00e8s un voyage qui a dur\u00e9 plus d\u2019une heure, la d\u00e9l\u00e9gation du Mouloudia est enfin arriv\u00e9e \u00e0 l\u2019h\u00f4tel Europa, o\u00f9 elle a pris ses quartiers. Nabil Boutenoune et Nacer Bouiche se sont charg\u00e9s d\u2019accomplir les formalit\u00e9s n\u00e9cessaires aupr\u00e8s du personnel de l\u2019h\u00f4tel pour la r\u00e9partition des chambres et pr\u00e9parer le travail de la s\u00e9ance de samedi.<br \/><strong>Les joueurs ont d\u00een\u00e9 \u00e0 00h 30 avant de monter dans leur chambre<\/strong><br \/>Juste apr\u00e8s leur arriv\u00e9e \u00e0 l\u2019h\u00f4tel, les joueurs du Mouloudia ont d\u00e9pos\u00e9 leurs bagages dans leurs chambres avant de descendre diner, puisque la direction de l\u2019h\u00f4tel a tout pr\u00e9par\u00e9 en collaboration avec l\u2019organisateur du stage, Bednarek, qui \u00e9tait d\u00e9j\u00e0 au niveau du lieu de r\u00e9sidence du Mouloudia en milieu d\u2019apr\u00e8s-midi pour tout pr\u00e9parer afin que la d\u00e9l\u00e9gation ne manque de rien une fois sur place. Ainsi, les joueurs ont d\u00een\u00e9 \u00e0 00h 30 avant de monter dans leur chambre pour dormir et se pr\u00e9parer \u00e0 une journ\u00e9e charg\u00e9e de travail, car Casoni mise beaucoup sur ce second stage de Lubin afin que son \u00e9quipe soit fin pr\u00eate pour la comp\u00e9tition.<\/p>\n<p><strong>Publi\u00e9 dans :<\/strong> <span>mca<\/span> <span>hachoud<\/span> <span>Casoni<\/span> <span>Bednarek<\/span><\/p>\n<\/div>\n<p>Auteur:<br \/>\n<a href=\"http:\/\/www.lebuteur.com\/article\/detail?titre=mca-le-mouloudia-a-pied-doeuvre-a-lubin&#038;id=90549&#038;utm_source=feedburner&#038;utm_medium=feed&#038;utm_campaign=Feed%3A+GalerieFArtciles+%28Les+derniers+articles++-+lebuteur.com%29\">Cliquez ici pour lire l&rsquo;article depuis sa source.<\/a><\/p>\n","protected":false},"excerpt":{"rendered":"<p>Auteur : Kamel M. dimanche 21 juillet 2019 13:14 C\u2019est vendredi \u00e0 minuit que la d\u00e9l\u00e9gation du MCA est arriv\u00e9e \u00e0 son lieu de stage \u00e0 Lubin situ\u00e9 au Sud de la Pologne \u00e0 70 Km de la grande ville de Wroclaw. Le voyage s\u2019est \u00e9tal\u00e9 sur douze heures et a eu raison des co\u00e9quipiers [&hellip;]<\/p>\n","protected":false},"author":1738,"featured_media":47554,"comment_status":"closed","ping_status":"closed","sticky":false,"template":"","format":"standard","meta":{"fifu_image_url":"","fifu_image_alt":"","footnotes":""},"categories":[53,75],"tags":[],"class_list":["post-47553","post","type-post","status-publish","format-standard","has-post-thumbnail","hentry","category-algerie","category-sport"],"_links":{"self":[{"href":"https:\/\/linitiative.ca\/International\/wp-json\/wp\/v2\/posts\/47553","targetHints":{"allow":["GET"]}}],"collection":[{"href":"https:\/\/linitiative.ca\/International\/wp-json\/wp\/v2\/posts"}],"about":[{"href":"https:\/\/linitiative.ca\/International\/wp-json\/wp\/v2\/types\/post"}],"author":[{"embeddable":true,"href":"https:\/\/linitiative.ca\/International\/wp-json\/wp\/v2\/users\/1738"}],"replies":[{"embeddable":true,"href":"https:\/\/linitiative.ca\/International\/wp-json\/wp\/v2\/comments?post=47553"}],"version-history":[{"count":0,"href":"https:\/\/linitiative.ca\/International\/wp-json\/wp\/v2\/posts\/47553\/revisions"}],"wp:featuredmedia":[{"embeddable":true,"href":"https:\/\/linitiative.ca\/International\/wp-json\/"}],"wp:attachment":[{"href":"https:\/\/linitiative.ca\/International\/wp-json\/wp\/v2\/media?parent=47553"}],"wp:term":[{"taxonomy":"category","embeddable":true,"href":"https:\/\/linitiative.ca\/International\/wp-json\/wp\/v2\/categories?post=47553"},{"taxonomy":"post_tag","embeddable":true,"href":"https:\/\/linitiative.ca\/International\/wp-json\/wp\/v2\/tags?post=47553"}],"curies":[{"name":"wp","href":"https:\/\/api.w.org\/{rel}","templated":true}]}}