{"id":47555,"date":"2019-07-21T15:14:07","date_gmt":"2019-07-21T19:14:07","guid":{"rendered":"https:\/\/linitiative.ca\/International\/ligue-1-2-mca-harrag-en-signant-au-mouloudia-je-realise-un-reve-denfant\/"},"modified":"2019-07-21T15:14:07","modified_gmt":"2019-07-21T19:14:07","slug":"ligue-1-2-mca-harrag-en-signant-au-mouloudia-je-realise-un-reve-denfant","status":"publish","type":"post","link":"https:\/\/linitiative.ca\/International\/ligue-1-2-mca-harrag-en-signant-au-mouloudia-je-realise-un-reve-denfant\/","title":{"rendered":"Ligue 1 &amp; 2 : MCA &#8211; Harrag: \u00abEn signant au Mouloudia, je r\u00e9alise un r\u00eave d\u2019enfant\u00bb"},"content":{"rendered":"<div readability=\"32\">\n<p>Auteur : <span>Tarek-Che<\/span> <span class=\"time\">dimanche 21 juillet 2019 13:14<\/span><\/p>\n<\/div>\n<div id=\"post_core\" readability=\"51\">\n<p>La derni\u00e8re trouvaille mouloud\u00e9enne, Chamssedine Harrag, parle de sa venue au club. Le joueur affirme que c\u2019est un r\u00eave qui se r\u00e9alise car pour chaque joueur, c\u2019est une cons\u00e9cration de porter le maillot d\u2019un club aussi prestigieux que le Mouloudia.<\/p>\n<p><strong>Vous confirmez donc votre signature au profit du Mouloudia ?<\/strong><br \/>Absolument. Je viens de m\u2019engager pour trois ans au profit du Mouloudia. Je suis tr\u00e8s content de porter les couleurs d\u2019un club aussi prestigieux. Vous savez, chaque joueur esp\u00e8re jouer un jour au Mouloudia. Et \u00e0 dire vrai, c\u2019est un r\u00eave d\u2019enfant qui se r\u00e9alise car depuis mon tr\u00e8s jeune \u00e2ge je r\u00eavais de me produire sous les couleurs de ce tr\u00e8s grand club. Alhamdoullah, je viens de r\u00e9aliser ce r\u00eave.<br \/><strong>Vous avez opt\u00e9 pour le Mouloudia alors que vous \u00e9tiez convoit\u00e9 aussi par d\u2019autres clubs\u2026<\/strong><br \/>Ce qui m\u2019a plu aussi, c\u2019est le projet sportif. J\u2019ai \u00e9t\u00e9 s\u00e9duit par le projet mis en place par la direction du club.<br \/><strong>Est-ce que la composante de l\u2019effectif a \u00e9t\u00e9 un argument tr\u00e8s convaincant ?<\/strong><br \/>Bien \u00e9videmment. En plus du projet sportif, il y a aussi la qualit\u00e9 de l\u2019effectif. Je connais la plupart des joueurs qui composent l\u2019\u00e9quipe du Mouloudia. Et cela me facilite la t\u00e2che pour m\u2019adapter tr\u00e8s vite.<br \/><strong>Vous avez conscience qu\u2019on attend beaucoup de vous apr\u00e8s avoir brill\u00e9 sous le maillot de l\u2019USMH et du NAHD\u2026<\/strong><br \/>Mais je sais qu\u2019on attend beaucoup de nous tous. Les supporters du Mouloudia sont partout. A nous de tout mettre en \u0153uvre afin de d\u00e9fendre au mieux les couleurs de ce club mythique. Personnellement, je vais me donner \u00e0 fond pour rendre heureux les Chnaoua.<br \/><strong>Ce sera pour quand votre d\u00e9part en Pologne pour rejoindre le groupe ?<\/strong><br \/>Je dois partir ce lundi afin de rejoindre l\u2019\u00e9quipe en Pologne pour le stage de pr\u00e9paration. Je vais tout donner durant ce regroupement afin de r\u00e9pondre aux attentes du staff technique, dirigeants et des supporters.\u00a0\u00a0\u00a0<\/p>\n<p><strong>Publi\u00e9 dans :<\/strong> <span>mca<\/span> <span>Harrag<\/span><\/p>\n<\/div>\n<p>Auteur:<br \/>\n<a href=\"http:\/\/www.lebuteur.com\/article\/detail?titre=mca-harrag-en-signant-au-mouloudia-je-realise-un-reve-denfant&#038;id=90548&#038;utm_source=feedburner&#038;utm_medium=feed&#038;utm_campaign=Feed%3A+GalerieFArtciles+%28Les+derniers+articles++-+lebuteur.com%29\">Cliquez ici pour lire l&rsquo;article depuis sa source.<\/a><\/p>\n","protected":false},"excerpt":{"rendered":"<p>Auteur : Tarek-Che dimanche 21 juillet 2019 13:14 La derni\u00e8re trouvaille mouloud\u00e9enne, Chamssedine Harrag, parle de sa venue au club. Le joueur affirme que c\u2019est un r\u00eave qui se r\u00e9alise car pour chaque joueur, c\u2019est une cons\u00e9cration de porter le maillot d\u2019un club aussi prestigieux que le Mouloudia. Vous confirmez donc votre signature au profit [&hellip;]<\/p>\n","protected":false},"author":1738,"featured_media":47556,"comment_status":"closed","ping_status":"closed","sticky":false,"template":"","format":"standard","meta":{"fifu_image_url":"","fifu_image_alt":"","footnotes":""},"categories":[53,75],"tags":[],"class_list":["post-47555","post","type-post","status-publish","format-standard","has-post-thumbnail","hentry","category-algerie","category-sport"],"_links":{"self":[{"href":"https:\/\/linitiative.ca\/International\/wp-json\/wp\/v2\/posts\/47555","targetHints":{"allow":["GET"]}}],"collection":[{"href":"https:\/\/linitiative.ca\/International\/wp-json\/wp\/v2\/posts"}],"about":[{"href":"https:\/\/linitiative.ca\/International\/wp-json\/wp\/v2\/types\/post"}],"author":[{"embeddable":true,"href":"https:\/\/linitiative.ca\/International\/wp-json\/wp\/v2\/users\/1738"}],"replies":[{"embeddable":true,"href":"https:\/\/linitiative.ca\/International\/wp-json\/wp\/v2\/comments?post=47555"}],"version-history":[{"count":0,"href":"https:\/\/linitiative.ca\/International\/wp-json\/wp\/v2\/posts\/47555\/revisions"}],"wp:featuredmedia":[{"embeddable":true,"href":"https:\/\/linitiative.ca\/International\/wp-json\/"}],"wp:attachment":[{"href":"https:\/\/linitiative.ca\/International\/wp-json\/wp\/v2\/media?parent=47555"}],"wp:term":[{"taxonomy":"category","embeddable":true,"href":"https:\/\/linitiative.ca\/International\/wp-json\/wp\/v2\/categories?post=47555"},{"taxonomy":"post_tag","embeddable":true,"href":"https:\/\/linitiative.ca\/International\/wp-json\/wp\/v2\/tags?post=47555"}],"curies":[{"name":"wp","href":"https:\/\/api.w.org\/{rel}","templated":true}]}}